{"id":14011,"date":"2017-03-14T21:54:55","date_gmt":"2017-03-14T20:54:55","guid":{"rendered":"http:\/\/www.thereportzone.it\/?p=14011"},"modified":"2017-03-14T21:54:55","modified_gmt":"2017-03-14T20:54:55","slug":"comunicato-e-foto-noiprimalista-le-risorse-del-falcianesi-ai-falcianesi-in-rete-nasce-lhastag","status":"publish","type":"post","link":"https:\/\/www.thereportzone.it\/?p=14011","title":{"rendered":"FALCIANO &#8211; &#8220;NoiPrimaLista&#8221;: &#8220;Le risorse dei Falcianesi ai Falcianesi&#8221;. In rete nasce l&#8217;hastag"},"content":{"rendered":"<p>&nbsp;<br \/>\n<strong>FALCIANO<\/strong>. <em>COMUNICATO STAMPA<\/em>: &#8220;Continua con grande entusiasmo il percorso di \u201cNOIPRIMALISTA\u201d riscuotendo sempre pi\u00f9 consenso e approvazione popolare! Saranno proprio i Falcianesi, i veri protagonisti del cambiamento, al primo posto per quanto riguarda i progetti, le decisioni e le azioni amministrative che il gruppo andr\u00e0 ad attuare.<br \/>\nPunto cardine dell\u2019azione amministrativa sar\u00e0 il motto &#8220;Le risorse dei Falcianesi ai Falcianesi&#8221;!! \u00c8 stato lanciato anche l\u2019hashtag sulla pagina facebook di noiprimalista <em>#PRIMAIFALCIANESI.<\/em><br \/>\nSaranno tanti i temi che saranno affrontati\u00a0ed in questa settimana sar\u00e0 affrontata la tematica\u00a0delle barriere architettoniche!<br \/>\n-la casa comunale \u00e8 priva di ascensore o montascale per l\u2019accesso al Piano Primo;<br \/>\n-le scuole non hanno accessi confortevoli dall\u2019esterno per persone su sedia a rotelle. Sempre nelle scuole non ci sono servizi igienici per disabili, e non si utilizzano attrezzature didattiche (banchi, sedie, materiali), particolari specifici casi di invalidit\u00e0 ;<br \/>\n-l\u2019ingresso della rampa disabile dell\u2019ufficio postale rimane da tempo chiuso;<br \/>\n-non tutti i piani pedonali comunali hanno scivoli realizzati per dare ai diversamente abili la possibilit\u00e0 di accedere al marciapiede;<br \/>\n-molti pali di pubblica illuminazione, sono delle vere e proprie barriere architettoniche che in effetti impediscono l&#8217;utilizzo dei marciapiedi a quei cittadini che sfortunatamente sono costretti a muoversi sulle sedie a rotelle.<br \/>\nIn realt\u00e0 per migliorare tutti questi inconvenienti non servono interventi molto onerosi, ma solo molta buona volont\u00e0. Per questo NOIPRIMALISTA, al fine di sensibilizzare l\u2019Amministrazione ed anche i privati gestori di attivit\u00e0 commerciali, dedicher\u00e0 una intera serata luned\u00ec 20 Marzo dalle ore 20,30 (nella sede di via Crocelle \u2013 ex. Club Napoli), per ricevere suggerimenti di azioni programmatiche per l\u2019eliminazione delle barriere architettoniche nel redigendo programma elettorale 2017.<br \/>\nInoltre si discuter\u00e0 di un eventuale progetto per l\u2019Estate \u201cVigili in carrozzella\u201d, che consiste nel permettere a cittadini disabili, muniti di pettorina, di sensibilizzare i guidatori inosservanti delle regole del codice della strada\u201d.<br \/>\nSi invita la cittadinanza a partecipare.<br \/>\n&nbsp;<\/p>\n<p style=\"text-align: center;\"><strong>LE FOTO RIFERITE ALLE BARRIERE ARCHITETTONICHE (ndr)<\/strong><\/p>\n<p><figure id=\"attachment_14012\" aria-describedby=\"caption-attachment-14012\" style=\"width: 620px\" class=\"wp-caption aligncenter\"><img fetchpriority=\"high\" decoding=\"async\" class=\"wp-image-14012 size-large\" src=\"http:\/\/www.thereportzone.it\/wp-content\/uploads\/2017\/03\/17269831_10210837380243718_1578831817_o-660x371.jpg\" alt=\"17269831_10210837380243718_1578831817_o\" width=\"620\" height=\"349\" \/><figcaption id=\"caption-attachment-14012\" class=\"wp-caption-text\">INGRESSO VILLA COMUNALE<\/figcaption><\/figure><br \/>\n<figure id=\"attachment_14014\" aria-describedby=\"caption-attachment-14014\" style=\"width: 620px\" class=\"wp-caption aligncenter\"><img decoding=\"async\" class=\"wp-image-14014 size-large\" src=\"http:\/\/www.thereportzone.it\/wp-content\/uploads\/2017\/03\/17342098_10210837390643978_2106952733_o-660x371.jpg\" alt=\"17342098_10210837390643978_2106952733_o\" width=\"620\" height=\"349\" \/><figcaption id=\"caption-attachment-14014\" class=\"wp-caption-text\">INGRESSO UFFICIO POSTALE<\/figcaption><\/figure><br \/>\n<figure id=\"attachment_14015\" aria-describedby=\"caption-attachment-14015\" style=\"width: 620px\" class=\"wp-caption aligncenter\"><img decoding=\"async\" class=\"wp-image-14015 size-large\" src=\"http:\/\/www.thereportzone.it\/wp-content\/uploads\/2017\/03\/17342290_10210837357043138_175883028_o-660x371.jpg\" alt=\"17342290_10210837357043138_175883028_o\" width=\"620\" height=\"349\" \/><figcaption id=\"caption-attachment-14015\" class=\"wp-caption-text\">INGRESSO MUNICIPIO<\/figcaption><\/figure><br \/>\n<figure id=\"attachment_14013\" aria-describedby=\"caption-attachment-14013\" style=\"width: 620px\" class=\"wp-caption aligncenter\"><img loading=\"lazy\" decoding=\"async\" class=\"wp-image-14013 size-large\" src=\"http:\/\/www.thereportzone.it\/wp-content\/uploads\/2017\/03\/17311452_10210837357123140_120258405_o-660x371.jpg\" alt=\"17311452_10210837357123140_120258405_o\" width=\"620\" height=\"349\" \/><figcaption id=\"caption-attachment-14013\" class=\"wp-caption-text\">SCALE VILLA COMUNALE<\/figcaption><\/figure><\/p>\n","protected":false},"excerpt":{"rendered":"<p>&nbsp; FALCIANO. COMUNICATO STAMPA: &#8220;Continua con grande entusiasmo il percorso di \u201cNOIPRIMALISTA\u201d riscuotendo sempre pi\u00f9 consenso e approvazione<\/p>\n","protected":false},"author":2,"featured_media":14016,"comment_status":"closed","ping_status":"closed","sticky":false,"template":"","format":"standard","meta":{"sfsi_plus_gutenberg_text_before_share":"","sfsi_plus_gutenberg_show_text_before_share":"","sfsi_plus_gutenberg_icon_type":"","sfsi_plus_gutenberg_icon_alignemt":"","sfsi_plus_gutenburg_max_per_row":"","footnotes":""},"categories":[4,9],"tags":[4754,3651,3604,4781,195,3605],"class_list":["post-14011","post","type-post","status-publish","format-standard","has-post-thumbnail","hentry","category-falciano","category-politica","tag-amministrative-falciano","tag-elezioni","tag-falciano-elezioni","tag-noi-prima-lista","tag-politica-2","tag-politica-falciano"],"_links":{"self":[{"href":"https:\/\/www.thereportzone.it\/index.php?rest_route=\/wp\/v2\/posts\/14011"}],"collection":[{"href":"https:\/\/www.thereportzone.it\/index.php?rest_route=\/wp\/v2\/posts"}],"about":[{"href":"https:\/\/www.thereportzone.it\/index.php?rest_route=\/wp\/v2\/types\/post"}],"author":[{"embeddable":true,"href":"https:\/\/www.thereportzone.it\/index.php?rest_route=\/wp\/v2\/users\/2"}],"replies":[{"embeddable":true,"href":"https:\/\/www.thereportzone.it\/index.php?rest_route=%2Fwp%2Fv2%2Fcomments&post=14011"}],"version-history":[{"count":0,"href":"https:\/\/www.thereportzone.it\/index.php?rest_route=\/wp\/v2\/posts\/14011\/revisions"}],"wp:featuredmedia":[{"embeddable":true,"href":"https:\/\/www.thereportzone.it\/index.php?rest_route=\/"}],"wp:attachment":[{"href":"https:\/\/www.thereportzone.it\/index.php?rest_route=%2Fwp%2Fv2%2Fmedia&parent=14011"}],"wp:term":[{"taxonomy":"category","embeddable":true,"href":"https:\/\/www.thereportzone.it\/index.php?rest_route=%2Fwp%2Fv2%2Fcategories&post=14011"},{"taxonomy":"post_tag","embeddable":true,"href":"https:\/\/www.thereportzone.it\/index.php?rest_route=%2Fwp%2Fv2%2Ftags&post=14011"}],"curies":[{"name":"wp","href":"https:\/\/api.w.org\/{rel}","templated":true}]}}