{"id":13974,"date":"2017-03-12T15:00:07","date_gmt":"2017-03-12T14:00:07","guid":{"rendered":"http:\/\/www.thereportzone.it\/?p=13974"},"modified":"2017-03-12T15:00:07","modified_gmt":"2017-03-12T14:00:07","slug":"falciano-verso-le-amministrative-addio-ad-idee-e-programmi","status":"publish","type":"post","link":"https:\/\/www.thereportzone.it\/?p=13974","title":{"rendered":"FALCIANO &#8211; Verso le amministrative: addio ad idee e programmi?"},"content":{"rendered":"<p>&nbsp;<br \/>\n<strong>FALCIANO<\/strong>. Qualche giorno fa, su queste pagine, abbiamo riportato le richieste di alcuni cittadini indirizzate ai politici ed\u00a0ai nuovi aspiranti amministratori. Richieste che invitano questi ultimi a concentrarsi di pi\u00f9 su programmi ed idee, piuttosto che su personalismi vari e false promesse (<strong>LEGGI QUI<\/strong>:\u00a0<a href=\"http:\/\/www.thereportzone.it\/politica\/falciano-politica-i-cittadini-chiedono-programmi-concreti-verba-volant-vogliamo-i-fatti\/\">http:\/\/www.thereportzone.it\/politica\/falciano-politica-i-cittadini-chiedono-programmi-concreti-verba-volant-vogliamo-i-fatti\/<\/a>).<br \/>\nAd oggi dobbiamo dire che pochissimi rappresentanti politici hanno risposto a queste richieste, ma c&#8217;\u00e8 di peggio. La situazione di stallo, quasi impantanata, dettata dalla mancanza di candidati alla carica di consigliere, con poca chiarezza sul da farsi, getta i cittadini (elettori) ancora pi\u00f9 nello sconforto con\u00a0un distaccamento quasi totale dalla politica. Ma non \u00e8 finita.<br \/>\nQuesta mancanza di organizzazione; la frammentazione causata dalla scarsa capacit\u00e0 politica di coinvolgere i cittadini; la mancanza dei partiti, che dovrebbero fungere da strumento di aggregazione, crea un vuoto di idee abissale.\u00a0Tutto ci\u00f2, a Falciano, si ingrandisce ancor di pi\u00f9 (negativamente) con la consapevolezza che nella limitrofa citt\u00e0 litoranea, Mondragone, anch&#8217;essa alle prese con le elezioni amministrative di giugno 2017, gli schieramenti si sono gi\u00e0 marcatamente delineati, con dinamiche chiare, nomi dei candidati, figure di capolista e tutto quanto necessario per portare a termine una battaglia politica, mentre Falciano resta a guardare e continua il tira e molla non pi\u00f9 politico, ma familiare.<br \/>\nA tal riguardo, per\u00f2, c&#8217;\u00e8 da dire che la volont\u00e0 di qualcuno di cambiare le cose \u00e8 emersa. Alcuni esponenti di Noi Prima Lista stanno cercando in tutti modi di mettere in chiaro la volont\u00e0 di cambiare radicalmente, dando un taglio (o uno schiaffo) a quanto finora si \u00e8 visto. Anche Falciano Libera sta manifestando la volont\u00e0 di far incontrare le posizioni per il bene della gente, guardando avanti con concretezza (e con un programma dettagliato gi\u00e0 ampiamente reso noto).<br \/>\nTra i rappresentanti dell&#8217;amministrazione uscente, ad oggi, si registra ancora la necessit\u00e0 di pazientare e secondo alcune indiscrezioni &#8220;<em>si attende il momento giusto\u00a0per uscire con una lista di candidati forti e capaci di vincere le elezioni<\/em>&#8220;. Non pervenuta la coalizione che si stringe attorno al PD, salvo Falciano Libera (ex Falciano Tua) di cui abbiamo gi\u00e0 parlato sopra. Quella che si presentava, circa due mesi fa, come la promessa del nuovo, rischia oggi di risolversi con il bisogno di fare un passo indietro, o di lato, per il bene comune di Falciano del Massico.<\/p>\n","protected":false},"excerpt":{"rendered":"<p>&nbsp; FALCIANO. Qualche giorno fa, su queste pagine, abbiamo riportato le richieste di alcuni cittadini indirizzate ai politici<\/p>\n","protected":false},"author":2,"featured_media":2999,"comment_status":"closed","ping_status":"closed","sticky":false,"template":"","format":"standard","meta":{"sfsi_plus_gutenberg_text_before_share":"","sfsi_plus_gutenberg_show_text_before_share":"","sfsi_plus_gutenberg_icon_type":"","sfsi_plus_gutenberg_icon_alignemt":"","sfsi_plus_gutenburg_max_per_row":"","footnotes":""},"categories":[4,9],"tags":[4754,3657,3485,3699,4763],"class_list":["post-13974","post","type-post","status-publish","format-standard","has-post-thumbnail","hentry","category-falciano","category-politica","tag-amministrative-falciano","tag-comune-di-falciano","tag-elezioni-falciano","tag-falciano-politica","tag-pd-falciano"],"_links":{"self":[{"href":"https:\/\/www.thereportzone.it\/index.php?rest_route=\/wp\/v2\/posts\/13974"}],"collection":[{"href":"https:\/\/www.thereportzone.it\/index.php?rest_route=\/wp\/v2\/posts"}],"about":[{"href":"https:\/\/www.thereportzone.it\/index.php?rest_route=\/wp\/v2\/types\/post"}],"author":[{"embeddable":true,"href":"https:\/\/www.thereportzone.it\/index.php?rest_route=\/wp\/v2\/users\/2"}],"replies":[{"embeddable":true,"href":"https:\/\/www.thereportzone.it\/index.php?rest_route=%2Fwp%2Fv2%2Fcomments&post=13974"}],"version-history":[{"count":0,"href":"https:\/\/www.thereportzone.it\/index.php?rest_route=\/wp\/v2\/posts\/13974\/revisions"}],"wp:featuredmedia":[{"embeddable":true,"href":"https:\/\/www.thereportzone.it\/index.php?rest_route=\/"}],"wp:attachment":[{"href":"https:\/\/www.thereportzone.it\/index.php?rest_route=%2Fwp%2Fv2%2Fmedia&parent=13974"}],"wp:term":[{"taxonomy":"category","embeddable":true,"href":"https:\/\/www.thereportzone.it\/index.php?rest_route=%2Fwp%2Fv2%2Fcategories&post=13974"},{"taxonomy":"post_tag","embeddable":true,"href":"https:\/\/www.thereportzone.it\/index.php?rest_route=%2Fwp%2Fv2%2Ftags&post=13974"}],"curies":[{"name":"wp","href":"https:\/\/api.w.org\/{rel}","templated":true}]}}