{"id":13946,"date":"2017-03-10T12:14:55","date_gmt":"2017-03-10T11:14:55","guid":{"rendered":"http:\/\/www.thereportzone.it\/?p=13946"},"modified":"2017-03-10T12:14:55","modified_gmt":"2017-03-10T11:14:55","slug":"mondragone-piazza-san-francesco-diventa-fenomeno-social","status":"publish","type":"post","link":"https:\/\/www.thereportzone.it\/?p=13946","title":{"rendered":"MONDRAGONE &#8211; Piazza San Francesco diventa fenomeno social"},"content":{"rendered":"<p>&nbsp;<br \/>\n<strong>MONDRAGONE<\/strong>.\u00a0Boom su Facebook, San Francesco \u00e8 la Piazza pi\u00f9 &#8220;social&#8221;. Bertolino: Nulla da invidiare ai migliori salotti della Penisola. Abbiamo pensato anche ai parcheggi<b style=\"font-family: 'times new roman', serif;\">.<\/b><\/p>\n<div>\n<div dir=\"ltr\">\n<div><\/div>\n<div>&#8220;<i>Sembra che la realizzazione di uno dei salotti pi\u00f9 belli della Citt\u00e0, ovvero la riqualificazione del centro storico, compreso il restyling di Piazza San Francesco, ad oggi abbia ricevuto un boom di condivisioni da record finanche sui social network.<\/i><\/div>\n<div><\/div>\n<div><i> Ci chiediamo dove siano finiti tutti quelli che hanno criticato aspramente tali lavori, su cui ci siamo assunti una grande responsabilit\u00e0 e per i quali \u00e8 evidente che la Citt\u00e0 oggi ci riconosce il coraggio amministrativo<\/i>\u201d.<\/div>\n<div><\/div>\n<div>Cosi l\u2019Assessore ai Lavori Pubblici <b>Valerio Bertolino<\/b>, felice per l\u2019apprezzamento su facebook dell\u2019imponente opera pubblica, varata dall\u2019Amministrazione guidata dal Sindaco <b>Giovanni Schiappa<\/b>.<\/div>\n<div><\/div>\n<div>\u201c<i>Mondragone non aveva mai conosciuto, prima d\u2019ora, un\u2019opera di questo livello, che ha modificato in meglio radicalmente tutto il centro storico cittadino e che, quando nei prossimi giorni saranno finiti i lavori, non avr\u00e0 nulla da invidiare ai migliori salotti di tutta la Penisola. La gente ed i commercianti oggi ci chiedono dei parcheggi, a loro rispondiamo che abbiamo pensato anche a quello, ovvero nuovi spazi ed una migliore gestione di quelli esistenti che risolveranno il problema. <\/i><\/div>\n<div><\/div>\n<div><i>Ma \u00e8 ovvio che se da un lato ci sar\u00e0 qualche posto auto in meno direttamente all&#8217;interno del centro storico, dall\u2019altro ci riappropriamo di spazi di inestimabile valore che, senza ombra di dubbio alcuno, porteranno pi\u00f9 persone a frequentare le piazze e le strade del centro, con i nuovi spazi curati per bambini, anziani e famiglie in generale, e questo porter\u00e0 indirettamente benefici anche ai commercianti.<\/i><\/div>\n<div><\/div>\n<div><i> A tal proposito \u2013 <\/i>continua l&#8217;Assessore Bertolino<i> \u2013 occorre impegnarci tutti per un miglioramento collettivo della coscienza comune, vivendo diversamente i luoghi simbolo della nostra Citt\u00e0, privilegiando il passeggio pedonale, rispettandone il decoro e la pulizia, come avviene in tutte le Citt\u00e0 ordinate e civili d\u2019Italia. Dobbiamo vivere e frequentare il centro storico e gli altri luoghi della Citt\u00e0 con l\u2019orgoglio che ci contraddistingue \u2013<\/i>conclude Valerio Bertolino<i> \u2013 comportandoci da custodi e sentinelle contro gli irrispettosi e gli incivili<\/i>\u201d.<span style=\"color: #888888;\"><br \/>\n<\/span><\/div>\n<div><\/div>\n<div><img fetchpriority=\"high\" decoding=\"async\" class=\"aligncenter wp-image-13947 size-full\" src=\"http:\/\/www.thereportzone.it\/wp-content\/uploads\/2017\/03\/IMG_20170310_112213.png\" alt=\"IMG_20170310_112213\" width=\"1080\" height=\"1372\" \/><\/div>\n<\/div>\n<\/div>\n<div><\/div>\n<div><\/div>\n<div><\/div>\n<div><\/div>\n<div>\n<div dir=\"ltr\">\n<div><img decoding=\"async\" class=\"aligncenter wp-image-13948 size-full\" src=\"http:\/\/www.thereportzone.it\/wp-content\/uploads\/2017\/03\/FB_IMG_1489140661031.jpg\" alt=\"FB_IMG_1489140661031\" width=\"1381\" height=\"960\" \/><\/div>\n<\/div>\n<\/div>\n<div><\/div>\n<div><\/div>\n<div style=\"text-align: center;\"><strong>VINTAGE GRANDI FIRME. CLICCA SUL LOGO QUI SOTTO E VISITA LA PAGINA FACEBOOK DEL NEGOZIO<\/strong><\/div>\n<div style=\"text-align: center;\"><\/div>\n<div style=\"text-align: center;\">\n<hr \/>\n<p><a href=\"https:\/\/www.facebook.com\/vintagemondragone\/\"><img decoding=\"async\" class=\"alignnone size-medium wp-image-13918\" src=\"http:\/\/www.thereportzone.it\/wp-content\/uploads\/2017\/03\/VINTAGE-GRANDI-FIRME-300x166.jpg\" alt=\"VINTAGE GRANDI FIRME\" width=\"300\" height=\"166\" \/><\/a><\/div>\n<div style=\"text-align: center;\"><\/div>\n<div style=\"text-align: center;\"><\/div>\n<div style=\"text-align: center;\"><strong>TIENITI AGGIORNATO SULLE NOTIZIE DELLA CITT\u00c0. CLICCA SUL LOGO QUI SOTTO E METTI MI PIACE ALLA PAGINA QUESTO \u00c8 MONDRAGONE<\/strong><\/div>\n<div style=\"text-align: center;\"><\/div>\n<div style=\"text-align: center;\"><a href=\"https:\/\/www.facebook.com\/QUESTOEMONDRAGONE\/\"><img loading=\"lazy\" decoding=\"async\" class=\"alignnone size-medium wp-image-5079\" src=\"http:\/\/www.thereportzone.it\/wp-content\/uploads\/2016\/01\/12584089_1117235094987584_1710208510_n-300x260.jpg\" alt=\"QUESTO \u00e8 MONDRAGONE\" width=\"300\" height=\"260\" \/><\/a><\/div>\n","protected":false},"excerpt":{"rendered":"<p>&nbsp; MONDRAGONE.\u00a0Boom su Facebook, San Francesco \u00e8 la Piazza pi\u00f9 &#8220;social&#8221;. Bertolino: Nulla da invidiare ai migliori salotti<\/p>\n","protected":false},"author":2,"featured_media":13948,"comment_status":"closed","ping_status":"closed","sticky":false,"template":"","format":"standard","meta":{"sfsi_plus_gutenberg_text_before_share":"","sfsi_plus_gutenberg_show_text_before_share":"","sfsi_plus_gutenberg_icon_type":"","sfsi_plus_gutenberg_icon_alignemt":"","sfsi_plus_gutenburg_max_per_row":"","footnotes":""},"categories":[10,5,9],"tags":[4801,4802,76,3533],"class_list":["post-13946","post","type-post","status-publish","format-standard","has-post-thumbnail","hentry","category-cultura","category-mondragone","category-politica","tag-cultura-mondragone","tag-foto-piazza","tag-mondragone","tag-politica-mondragone"],"_links":{"self":[{"href":"https:\/\/www.thereportzone.it\/index.php?rest_route=\/wp\/v2\/posts\/13946"}],"collection":[{"href":"https:\/\/www.thereportzone.it\/index.php?rest_route=\/wp\/v2\/posts"}],"about":[{"href":"https:\/\/www.thereportzone.it\/index.php?rest_route=\/wp\/v2\/types\/post"}],"author":[{"embeddable":true,"href":"https:\/\/www.thereportzone.it\/index.php?rest_route=\/wp\/v2\/users\/2"}],"replies":[{"embeddable":true,"href":"https:\/\/www.thereportzone.it\/index.php?rest_route=%2Fwp%2Fv2%2Fcomments&post=13946"}],"version-history":[{"count":0,"href":"https:\/\/www.thereportzone.it\/index.php?rest_route=\/wp\/v2\/posts\/13946\/revisions"}],"wp:featuredmedia":[{"embeddable":true,"href":"https:\/\/www.thereportzone.it\/index.php?rest_route=\/"}],"wp:attachment":[{"href":"https:\/\/www.thereportzone.it\/index.php?rest_route=%2Fwp%2Fv2%2Fmedia&parent=13946"}],"wp:term":[{"taxonomy":"category","embeddable":true,"href":"https:\/\/www.thereportzone.it\/index.php?rest_route=%2Fwp%2Fv2%2Fcategories&post=13946"},{"taxonomy":"post_tag","embeddable":true,"href":"https:\/\/www.thereportzone.it\/index.php?rest_route=%2Fwp%2Fv2%2Ftags&post=13946"}],"curies":[{"name":"wp","href":"https:\/\/api.w.org\/{rel}","templated":true}]}}