{"id":13850,"date":"2017-03-04T11:05:34","date_gmt":"2017-03-04T10:05:34","guid":{"rendered":"http:\/\/www.thereportzone.it\/?p=13850"},"modified":"2017-03-04T11:05:34","modified_gmt":"2017-03-04T10:05:34","slug":"verso-il-movimento-dei-progressisti-esito-positivo-dellincontro-foto","status":"publish","type":"post","link":"https:\/\/www.thereportzone.it\/?p=13850","title":{"rendered":"Verso il Movimento dei Progressisti: esito positivo dell&#8217;incontro &#8211; FOTO"},"content":{"rendered":"<p>&nbsp;<br \/>\n<strong>POLITICA<\/strong>.\u00a0Ieri\u00a0sera alle ore 19.00 presso il museo civico Biagio Greco di via Genova,2, a Mondragone, si \u00e8 tenuto\u00a0un convegno dal titolo \u201cVerso il movimento dei progressisti \u2013 Legalit\u00e0, diritti e lavoro\u201d.<br \/>\nDopo l\u2019introduzione di <em><strong>Igor PRATA<\/strong><\/em>, Consigliere Comunale di Falciano del Massico, sono intervenuti l\u2019onorevole <em><strong>Arturo\u00a0SCOTTO<\/strong><\/em>, deputato del Movimento Democratici e Progressisti, <em><strong>Marco FURFARO<\/strong><\/em>, del Campo dei Progressisti, e <em><strong>Camilla BERNABEI<\/strong><\/em>, Segretario Generale della CGIL Caserta. A moderare Antonio PATALANO.<br \/>\nIniziativa organizzata da tutti i fuoriusciti di Sinistra Italiana della Provincia di Caserta. Una valutazione approssimata parla di circa una decina di amministratori locali, molti riferimenti di dirigenti della sinistra casertana e almeno una ventina di territori coinvolti. Subito al centro del dibattito i temi cari ad Art.1 Democratici e Progressiti ovvero lavoro, diritti e legalit\u00e0.<br \/>\nA tal proposito abbiamo sentito il consigliere comunale di Falciano del Massico, <strong><em>Igor Prata<\/em><\/strong>: &#8220;<em>Stiamo aprendo una nuova pagina per la sinistra d&#8217;Italia. La stragrande maggioranza di noi non ha accolto con favore la cieca scelta fatta da SI. Chiudersi a riccio in un recinto identitario, mentre tutto fuori stava cambiando, lo ritengo un errore epocale. Bisogna invece aprirsi con generosit\u00e0. <\/em><br \/>\n<em>Abbiamo, quindi, messo in moto un processo che veda nel campo largo dei progressisti la costruzione di una sinistra plurale, radicata e che si misuri con il governo dei territori. <\/em><br \/>\n<em>DP \u00e8 nato come gruppo parlamentare che adesso metter\u00e0 le sue gambe nei territori per strutturarsi in sinergia con il lancio del Campo Progressista che far\u00e0 Pisapia l&#8217;11 Marzo. Non sar\u00e0 un semplice agglomerato di classe dirigente ma una unione di nuove idee e prospettive per il rilancio del Paese. <\/em><em>Abbiamo battaglie importanti di fronte a noi tra le quali imminente \u00e8 quella del sostegno alla Cgil per i due SI ai referendum contro i vaucher e sugli appalti<\/em>&#8220;.<br \/>\nQuesta la dichiarazione di Igor Prata, uno degli esponente di punta dei progressisti in Campania.<br \/>\n&nbsp;<br \/>\n<img fetchpriority=\"high\" decoding=\"async\" class=\"aligncenter wp-image-13855 size-full\" src=\"http:\/\/www.thereportzone.it\/wp-content\/uploads\/2017\/03\/17124401_10211519495519766_569572857_n.jpg\" alt=\"17124401_10211519495519766_569572857_n\" width=\"720\" height=\"540\" \/><br \/>\n&nbsp;<br \/>\n<img decoding=\"async\" class=\"aligncenter wp-image-13856 size-full\" src=\"http:\/\/www.thereportzone.it\/wp-content\/uploads\/2017\/03\/17125166_10211519495639769_1640278877_n.jpg\" alt=\"17125166_10211519495639769_1640278877_n\" width=\"720\" height=\"540\" \/><br \/>\n&nbsp;<br \/>\n<img decoding=\"async\" class=\"aligncenter wp-image-13857 size-full\" src=\"http:\/\/www.thereportzone.it\/wp-content\/uploads\/2017\/03\/17125192_10211519494999753_1639610135_n.jpg\" alt=\"17125192_10211519494999753_1639610135_n\" width=\"720\" height=\"559\" \/><br \/>\n&nbsp;<br \/>\n&nbsp;<\/p>\n","protected":false},"excerpt":{"rendered":"<p>&nbsp; POLITICA.\u00a0Ieri\u00a0sera alle ore 19.00 presso il museo civico Biagio Greco di via Genova,2, a Mondragone, si \u00e8<\/p>\n","protected":false},"author":2,"featured_media":13855,"comment_status":"closed","ping_status":"closed","sticky":false,"template":"","format":"standard","meta":{"sfsi_plus_gutenberg_text_before_share":"","sfsi_plus_gutenberg_show_text_before_share":"","sfsi_plus_gutenberg_icon_type":"","sfsi_plus_gutenberg_icon_alignemt":"","sfsi_plus_gutenburg_max_per_row":"","footnotes":""},"categories":[4,5,9],"tags":[4790,4791,4792,4793,195,3533,4794],"class_list":["post-13850","post","type-post","status-publish","format-standard","has-post-thumbnail","hentry","category-falciano","category-mondragone","category-politica","tag-arturo-scotto","tag-convegno-mondragone","tag-dp","tag-movimento-dei-progressisti","tag-politica-2","tag-politica-mondragone","tag-progresssti-italiani"],"_links":{"self":[{"href":"https:\/\/www.thereportzone.it\/index.php?rest_route=\/wp\/v2\/posts\/13850"}],"collection":[{"href":"https:\/\/www.thereportzone.it\/index.php?rest_route=\/wp\/v2\/posts"}],"about":[{"href":"https:\/\/www.thereportzone.it\/index.php?rest_route=\/wp\/v2\/types\/post"}],"author":[{"embeddable":true,"href":"https:\/\/www.thereportzone.it\/index.php?rest_route=\/wp\/v2\/users\/2"}],"replies":[{"embeddable":true,"href":"https:\/\/www.thereportzone.it\/index.php?rest_route=%2Fwp%2Fv2%2Fcomments&post=13850"}],"version-history":[{"count":0,"href":"https:\/\/www.thereportzone.it\/index.php?rest_route=\/wp\/v2\/posts\/13850\/revisions"}],"wp:featuredmedia":[{"embeddable":true,"href":"https:\/\/www.thereportzone.it\/index.php?rest_route=\/"}],"wp:attachment":[{"href":"https:\/\/www.thereportzone.it\/index.php?rest_route=%2Fwp%2Fv2%2Fmedia&parent=13850"}],"wp:term":[{"taxonomy":"category","embeddable":true,"href":"https:\/\/www.thereportzone.it\/index.php?rest_route=%2Fwp%2Fv2%2Fcategories&post=13850"},{"taxonomy":"post_tag","embeddable":true,"href":"https:\/\/www.thereportzone.it\/index.php?rest_route=%2Fwp%2Fv2%2Ftags&post=13850"}],"curies":[{"name":"wp","href":"https:\/\/api.w.org\/{rel}","templated":true}]}}