{"id":138,"date":"2015-07-21T10:46:21","date_gmt":"2015-07-21T08:46:21","guid":{"rendered":"https:\/\/thereportzone.wordpress.com\/?p=138"},"modified":"2015-07-21T10:46:21","modified_gmt":"2015-07-21T08:46:21","slug":"carinola-amministrative-sempre-piu-vicine-lotta-aperta-per-le-candidature","status":"publish","type":"post","link":"https:\/\/www.thereportzone.it\/?p=138","title":{"rendered":"Carinola, amministrative sempre pi\u00f9 vicine: lotta aperta per le candidature"},"content":{"rendered":"<p><figure id=\"attachment_139\" aria-describedby=\"caption-attachment-139\" style=\"width: 637px\" class=\"wp-caption alignnone\"><a href=\"https:\/\/thereportzone.files.wordpress.com\/2015\/07\/carinola-piazza-osvaldo-mazza-copia.jpg\"><img fetchpriority=\"high\" decoding=\"async\" class=\"wp-image-139 size-full\" src=\"https:\/\/thereportzone.files.wordpress.com\/2015\/07\/carinola-piazza-osvaldo-mazza-copia.jpg\" alt=\"Unicode\" width=\"637\" height=\"490\" \/><\/a><figcaption id=\"caption-attachment-139\" class=\"wp-caption-text\">Unicode<\/figcaption><\/figure><br \/>\n<strong>21 luglio 2015 &#8211; Carinola.<\/strong>\u00a0Definito nelle scorse settimane l\u2019ultimo passaggio di consegne tra i banchi dell\u2019opposizione con Fulvio Nuvolone (ha rinunciato Nicola Aurilio ndr) che ha preso il posto di Severino Di Cresce, la politica locale si concentra prepotentemente verso le prossime elezioni amministrative programmate nella primavera 2016. Scadr\u00e0 infatti il mandato elettorale dell\u2019attuale maggioranza guidata dal primo cittadino Luigi De Risi. Quest\u2019ultimo sta portando avanti il suo lavoro con enorme difficolt\u00e0. A suo sostegno sono rimasti davvero in pochi, tuttavia nonostante ci\u00f2, salvo clamorosi sviluppi nel dopo ferragosto si andr\u00e0 normalmente fino al termine del mandato. Ma la vera guerra che andr\u00e0 a scatenarsi di qui a poco \u00e8 la corsa alla carica di primo cittadino. Infatti tra gli ormai ex sostenitori di De Risi si vede una lotta serrata tra l\u2019ex assessore provinciale Rosa Di Maio\u00a0 ed il suo collega di (ex) maggioranza Antonio Russo. Quanti seguaci avranno? Una domanda davvero difficile. Infatti anche se non ci sono dichiarazioni ufficiali anche l\u2019assessore Antimo Marrese potrebbe puntare i piedi e proporsi come candidato a sindaco. Ai gi\u00e0 citati papabili si aggiungono i probabili avversari dell\u2019altra coalizione che potrebbe essere capeggiata dal consigliere Franco Di Biasio. Con quest\u2019ultimo dovrebbero schierarsi anche l\u2019ex vice sindaco (della ormai ex maggioranza De Risi) Luigi Maria Verrengia. L&#8217;ex consigliere Di Cresce, che nel 2011 ha sostenuto in \u201cCoraggio e Libert\u00e0\u201d l\u2019avvocato Michele Zannini come candidato sindaco, potrebbe rappresentare l&#8217;alternativa alla candidatura a sindaco di Franco Di Biasio. In tal caso, in corsa per la fascia tricolore ci sarebbero: DI Cresce, DI Biasio e Luigi Verrengia. La lotta \u00e8 molto aperta e si scommette anche sulla presentazione ancora dell\u2019attuale sindaco, nonostante sembra che i sostenitori siano davvero ridotti all\u2019osso. I problemi che sono stati affrontati tra cui il puc, hanno portato nel tempo ad accese diatribe interne. Anche i rimpasti programmati in sede di campagna elettorale non sono stati graditi troppo. Ora per l\u2019attuale amministrazione ci sar\u00e0 da approvare l\u2019ultimo scoglio, quello del bilancio. Insomma ancora dolenti note assicurate per la fascia tricolore.<\/p>\n<p style=\"text-align:right;\"><strong>Lello Santoro<\/strong><\/p>\n","protected":false},"excerpt":{"rendered":"<p>21 luglio 2015 &#8211; Carinola.\u00a0Definito nelle scorse settimane l\u2019ultimo passaggio di consegne tra i banchi dell\u2019opposizione con Fulvio<\/p>\n","protected":false},"author":2,"featured_media":139,"comment_status":"open","ping_status":"open","sticky":false,"template":"","format":"standard","meta":{"sfsi_plus_gutenberg_text_before_share":"","sfsi_plus_gutenberg_show_text_before_share":"","sfsi_plus_gutenberg_icon_type":"","sfsi_plus_gutenberg_icon_alignemt":"","sfsi_plus_gutenburg_max_per_row":"","footnotes":""},"categories":[9,30],"tags":[15,3829,38,3830,33,91,815,82,3831,3651,195,100],"class_list":["post-138","post","type-post","status-publish","format-standard","has-post-thumbnail","hentry","category-politica","category-tutti-gli-articoli","tag-15","tag-3829","tag-agosto","tag-amministrative","tag-amministrazione","tag-assessori","tag-battaglia","tag-carinola","tag-dinamiche","tag-elezioni","tag-politica-2","tag-sindaco"],"_links":{"self":[{"href":"https:\/\/www.thereportzone.it\/index.php?rest_route=\/wp\/v2\/posts\/138"}],"collection":[{"href":"https:\/\/www.thereportzone.it\/index.php?rest_route=\/wp\/v2\/posts"}],"about":[{"href":"https:\/\/www.thereportzone.it\/index.php?rest_route=\/wp\/v2\/types\/post"}],"author":[{"embeddable":true,"href":"https:\/\/www.thereportzone.it\/index.php?rest_route=\/wp\/v2\/users\/2"}],"replies":[{"embeddable":true,"href":"https:\/\/www.thereportzone.it\/index.php?rest_route=%2Fwp%2Fv2%2Fcomments&post=138"}],"version-history":[{"count":0,"href":"https:\/\/www.thereportzone.it\/index.php?rest_route=\/wp\/v2\/posts\/138\/revisions"}],"wp:featuredmedia":[{"embeddable":true,"href":"https:\/\/www.thereportzone.it\/index.php?rest_route=\/"}],"wp:attachment":[{"href":"https:\/\/www.thereportzone.it\/index.php?rest_route=%2Fwp%2Fv2%2Fmedia&parent=138"}],"wp:term":[{"taxonomy":"category","embeddable":true,"href":"https:\/\/www.thereportzone.it\/index.php?rest_route=%2Fwp%2Fv2%2Fcategories&post=138"},{"taxonomy":"post_tag","embeddable":true,"href":"https:\/\/www.thereportzone.it\/index.php?rest_route=%2Fwp%2Fv2%2Ftags&post=138"}],"curies":[{"name":"wp","href":"https:\/\/api.w.org\/{rel}","templated":true}]}}