{"id":13750,"date":"2017-02-25T10:52:34","date_gmt":"2017-02-25T09:52:34","guid":{"rendered":"http:\/\/www.thereportzone.it\/?p=13750"},"modified":"2017-02-25T10:52:34","modified_gmt":"2017-02-25T09:52:34","slug":"falciano-coalizione-pd-santoro-e-terza-lista-ecco-cosa-sta-succedendo","status":"publish","type":"post","link":"https:\/\/www.thereportzone.it\/?p=13750","title":{"rendered":"FALCIANO &#8211; Coalizione PD, Santoro e &#8220;terza lista&#8221;: ecco cosa sta succedendo"},"content":{"rendered":"<p>&nbsp;<br \/>\n<strong>FALCIANO<\/strong>. Continua il percorso verso le amministrative previste per giugno 2017 e a Falciano continuano a mutare, o in altri casi a confermarsi, le posizioni politiche dei grandi gruppi disposti a scendere in campo.<br \/>\nIn primis, il sindaco uscente Dott.\u00a0<strong>Giosu\u00e8 Santoro<\/strong>\u00a0ha dichiarato espressamente che sar\u00e0 di nuovo in partita. \u00a0Insieme a lui, per adesso, i nomi dei sostenitori in lista (quelli sicuri) sono:\u00a0<em><strong>Angelo Manica, Salvatore Zannini, Pasquale Macaro<\/strong><\/em>\u00a0e\u00a0<strong><em>Antonio Scarano<\/em><\/strong>. Altri nomi\u00a0saranno resi noti nelle prossime ore attraverso una nota ufficiale.\u00a0L\u2019amministrazione uscente, dunque, sembra voler confermare la squadra vincente di 5 anni fa.<br \/>\nDall\u2019altro lato, la coalizione PD, ha annunciato ieri l\u2019allestimento del Comitato Falciano Bene Comune. Tuttavia gli ultimi dati ci dicono, ancora una volta, che la coalizione, ahim\u00e8, non riesca a trovare una compattezza di base.<br \/>\n&nbsp;<br \/>\nIl movimento Falciano Libera (Falciano Tua) continua a sostenere che il percorso delle primarie sia chiuso, anche a fronte della impossibilit\u00e0 di addivenire ad una concreta prospettiva di rilancio e di vittoria. Quindi il movimento Falciano Libera pare sempre pi\u00f9 intenzionato ad intraprendere tutte le iniziative possibili per portare avanti un discorso concreto volto alla liberazione del paese da un blocco politico che lo attanaglia da anni, senza escludere, dunque, collaborazioni esterne e anche\u00a0una possibile\u00a0lista autonoma per raggiungere l\u2019obiettivo della vittoria.<br \/>\nIn tal senso emerge chiaro l\u2019operato del Prof. <strong><em>Mario Zannone<\/em><\/strong>, capogruppo Falciano Libera (prima Falciano Tua), che nel frangente delle primarie si \u00e8 mostrato capace di portare, da solo, circa 300 voti. Dunque, se Falciano Libera non proseguir\u00e0 il suo cammino nella coalizione, risulter\u00e0 interessante capire dove e come sar\u00e0 spostato questo rispettabile blocco di voti, e questo potrebbe rappresentare un vero spostamento dell\u2019asse politico in fase di formazione dei gruppi e delle liste che affronteranno la campagna elettorale.<br \/>\n<figure id=\"attachment_13752\" aria-describedby=\"caption-attachment-13752\" style=\"width: 300px\" class=\"wp-caption alignleft\"><img fetchpriority=\"high\" decoding=\"async\" class=\"wp-image-13752 size-medium\" src=\"http:\/\/www.thereportzone.it\/wp-content\/uploads\/2017\/02\/16935434_10211457425408052_2098874426_o-300x192.jpg\" alt=\"Noi Prima Lista\" width=\"300\" height=\"192\" \/><figcaption id=\"caption-attachment-13752\" class=\"wp-caption-text\">Noi Prima Lista<\/figcaption><\/figure><br \/>\nInfine, dal nuovo orizzonte politico falcianese, che va sempre pi\u00f9 costituendosi, \u00e8 partito questa mattina l\u2019invito ai cittadini a partecipare all\u2019inaugurazione de \u201c<strong><em>Noi Prima Lista<\/em><\/strong>\u201d. Si tratta di quello che a lungo abbiamo chiamato, su queste pagine, Terzo Polo. L\u2019incontro \u00e8 previsto domani mattina alle ore 10.00 presso l\u2019ex sede del Club Napoli. Tra i fautori di questo progetto il Dott. <strong><em>Domenico Marino<\/em><\/strong>, l\u2019Ing. <strong><em>Vincenzo Cestrone<\/em><\/strong> e molti altri professionisti locali. Qui di seguito l\u2019annuncio dell\u2019invito:<br \/>\n\u201c<em>Siete tutti invitati a partecipare al nostro primo incontro pubblico nel quale sar\u00e0 presentato \u00a0il nuovo progetto politico (di persone nuove) \u00a0per ridare a Falciano \u00a0la speranza di un futuro migliore!! VI ASPETTIAMO NUMEROSI!!<\/em>\u201d.<br \/>\nDunque, tirando le somme, possiamo dire che mentre la coalizione PD cerca imperterrita di trovare una pace interiore, che stenta ad arrivare (vittima forse anche delle vicende che stanno interessando il PD a livello nazionale, con appunto una lacuna in compattezza), l\u2019amministrazione uscente si organizza e tira gi\u00f9\u00a0 primi nomi per vincere la battaglia di giugno. Noi Prima Lista, dal canto suo, continua a ritmi serrati con incontri organizzativi, e sembrerebbe gi\u00e0 pronta a buttare gi\u00f9 una lista. L\u2019impressione, tuttavia, \u00e8 che assisteremo ancora a molti colpi di scena.<br \/>\n<figure id=\"attachment_13753\" aria-describedby=\"caption-attachment-13753\" style=\"width: 300px\" class=\"wp-caption aligncenter\"><img decoding=\"async\" class=\"size-medium wp-image-13753\" src=\"http:\/\/www.thereportzone.it\/wp-content\/uploads\/2017\/02\/Mario-Zannone-300x284.jpg\" alt=\"Prof. Mario Zannone\" width=\"300\" height=\"284\" \/><figcaption id=\"caption-attachment-13753\" class=\"wp-caption-text\">Prof. Mario Zannone<\/figcaption><\/figure><br \/>\n&nbsp;<\/p>\n","protected":false},"excerpt":{"rendered":"<p>&nbsp; FALCIANO. Continua il percorso verso le amministrative previste per giugno 2017 e a Falciano continuano a mutare,<\/p>\n","protected":false},"author":2,"featured_media":13755,"comment_status":"closed","ping_status":"closed","sticky":false,"template":"","format":"standard","meta":{"sfsi_plus_gutenberg_text_before_share":"","sfsi_plus_gutenberg_show_text_before_share":"","sfsi_plus_gutenberg_icon_type":"","sfsi_plus_gutenberg_icon_alignemt":"","sfsi_plus_gutenburg_max_per_row":"","footnotes":""},"categories":[4,9],"tags":[4754,3485,629,4776,4763,4753,3606,4777],"class_list":["post-13750","post","type-post","status-publish","format-standard","has-post-thumbnail","hentry","category-falciano","category-politica","tag-amministrative-falciano","tag-elezioni-falciano","tag-falciano-del-massico","tag-fava-falciano","tag-pd-falciano","tag-primarie-falciano","tag-sindaco-falciano","tag-zannone-falciano"],"_links":{"self":[{"href":"https:\/\/www.thereportzone.it\/index.php?rest_route=\/wp\/v2\/posts\/13750"}],"collection":[{"href":"https:\/\/www.thereportzone.it\/index.php?rest_route=\/wp\/v2\/posts"}],"about":[{"href":"https:\/\/www.thereportzone.it\/index.php?rest_route=\/wp\/v2\/types\/post"}],"author":[{"embeddable":true,"href":"https:\/\/www.thereportzone.it\/index.php?rest_route=\/wp\/v2\/users\/2"}],"replies":[{"embeddable":true,"href":"https:\/\/www.thereportzone.it\/index.php?rest_route=%2Fwp%2Fv2%2Fcomments&post=13750"}],"version-history":[{"count":0,"href":"https:\/\/www.thereportzone.it\/index.php?rest_route=\/wp\/v2\/posts\/13750\/revisions"}],"wp:featuredmedia":[{"embeddable":true,"href":"https:\/\/www.thereportzone.it\/index.php?rest_route=\/"}],"wp:attachment":[{"href":"https:\/\/www.thereportzone.it\/index.php?rest_route=%2Fwp%2Fv2%2Fmedia&parent=13750"}],"wp:term":[{"taxonomy":"category","embeddable":true,"href":"https:\/\/www.thereportzone.it\/index.php?rest_route=%2Fwp%2Fv2%2Fcategories&post=13750"},{"taxonomy":"post_tag","embeddable":true,"href":"https:\/\/www.thereportzone.it\/index.php?rest_route=%2Fwp%2Fv2%2Ftags&post=13750"}],"curies":[{"name":"wp","href":"https:\/\/api.w.org\/{rel}","templated":true}]}}