{"id":13728,"date":"2017-02-23T09:31:20","date_gmt":"2017-02-23T08:31:20","guid":{"rendered":"http:\/\/www.thereportzone.it\/?p=13728"},"modified":"2017-02-23T09:31:20","modified_gmt":"2017-02-23T08:31:20","slug":"acli-terra-xylella-cecere-tornino-gli-ulivi-dove-ora-ce-il-deserto","status":"publish","type":"post","link":"https:\/\/www.thereportzone.it\/?p=13728","title":{"rendered":"ACLI TERRA &#8211; Xylella, Cecere: &#8220;Tornino gli ulivi dove ora c&#8217;\u00e8 il deserto&#8221;"},"content":{"rendered":"<p>&nbsp;<br \/>\n<strong>POLITICA<\/strong>.\u00a0<strong>Xylella, Cecere (Acli Terra): \u201cTornino gli ulivi dove ora c\u2019\u00e8 il deserto\u201d<\/strong><br \/>\nRoma, 22-02-17. Durante la Conferenza che si \u00e8 tenuta ieri a Bari, dal titolo \u201cRafforzare la cooperazione internazionale nel settore agricolo nella Regione mediterranea\u201d, il Commissario Ue all\u2019agricoltura, Phil Hogan, ha annunciato l\u2019apertura di un canale di negoziato con Bruxelles per trovare la migliore soluzione per il reimpianto degli ulivi nelle zone infette dalla Xylella fastidiosa.<br \/>\n\u00abPrima di venire in Puglia \u2013 ha sottolineato il Commissario &#8211; mi sono confrontato con l&#8217;amico e collega Vytenis Andriukaitis (commissario alla Salute, ndr) che ha in carico il dossier sulla batteriosi e che ha espresso la volont\u00e0 di rimuovere il divieto di reimpianto degli ulivi, anche sulla base della comunicazione attesa da parte dell&#8217;Efsa nel prossimo marzo\u00bb.<br \/>\n\u00ab\u00c8 una notizia che ci rende soddisfatti. \u2013 ha dichiarato Giuseppe Cecere, presidente nazionale di Acli Terra \u2013 Finalmente, dove ora c\u2019\u00e8 il deserto, sar\u00e0 possibile reimpiantare gli ulivi, il simbolo della forza della regione Puglia. Non \u00e8 assolutamente accettabile lasciare che i nostri territori restino cos\u00ec. \u00c8 necessario, per\u00f2, che il reimpianto degli ulivi diventi generalizzato e non solo sperimentale, rafforzando i controlli e sfruttando anche le opportunit\u00e0 offerte dal Piano olivicolo nazionale.\u00bb<br \/>\nOltre ad Hogan, alla conferenza di Bari era presente anche Paolo De Castro, vice presidente della commissione Agricoltura del parlamento europeo, che \u00e8 intervenuto per assicurare la piena disponibilit\u00e0 dell\u2019Europa per far fronte al problema, nell\u2019ottica della collaborazione con la Regione Puglia.<br \/>\n\u00ab\u00c8 per\u00f2 evidente \u2013 ha sottolineato De Castro &#8211; \u00a0che dobbiamo dimostrare di essere capaci di contenere la diffusione del batterio per chiedere delle deroghe all&#8217;applicazione della decisione Ue che, ad oggi, ha bloccato tutto il Salento\u00bb.<\/p>\n","protected":false},"excerpt":{"rendered":"<p>&nbsp; POLITICA.\u00a0Xylella, Cecere (Acli Terra): \u201cTornino gli ulivi dove ora c\u2019\u00e8 il deserto\u201d Roma, 22-02-17. Durante la Conferenza<\/p>\n","protected":false},"author":2,"featured_media":13729,"comment_status":"closed","ping_status":"closed","sticky":false,"template":"","format":"standard","meta":{"sfsi_plus_gutenberg_text_before_share":"","sfsi_plus_gutenberg_show_text_before_share":"","sfsi_plus_gutenberg_icon_type":"","sfsi_plus_gutenberg_icon_alignemt":"","sfsi_plus_gutenburg_max_per_row":"","footnotes":""},"categories":[6,9],"tags":[4774,4775,3636,195,273],"class_list":["post-13728","post","type-post","status-publish","format-standard","has-post-thumbnail","hentry","category-caserta","category-politica","tag-acli","tag-acli-terra","tag-mondragone-politica","tag-politica-2","tag-roma"],"_links":{"self":[{"href":"https:\/\/www.thereportzone.it\/index.php?rest_route=\/wp\/v2\/posts\/13728"}],"collection":[{"href":"https:\/\/www.thereportzone.it\/index.php?rest_route=\/wp\/v2\/posts"}],"about":[{"href":"https:\/\/www.thereportzone.it\/index.php?rest_route=\/wp\/v2\/types\/post"}],"author":[{"embeddable":true,"href":"https:\/\/www.thereportzone.it\/index.php?rest_route=\/wp\/v2\/users\/2"}],"replies":[{"embeddable":true,"href":"https:\/\/www.thereportzone.it\/index.php?rest_route=%2Fwp%2Fv2%2Fcomments&post=13728"}],"version-history":[{"count":0,"href":"https:\/\/www.thereportzone.it\/index.php?rest_route=\/wp\/v2\/posts\/13728\/revisions"}],"wp:featuredmedia":[{"embeddable":true,"href":"https:\/\/www.thereportzone.it\/index.php?rest_route=\/"}],"wp:attachment":[{"href":"https:\/\/www.thereportzone.it\/index.php?rest_route=%2Fwp%2Fv2%2Fmedia&parent=13728"}],"wp:term":[{"taxonomy":"category","embeddable":true,"href":"https:\/\/www.thereportzone.it\/index.php?rest_route=%2Fwp%2Fv2%2Fcategories&post=13728"},{"taxonomy":"post_tag","embeddable":true,"href":"https:\/\/www.thereportzone.it\/index.php?rest_route=%2Fwp%2Fv2%2Ftags&post=13728"}],"curies":[{"name":"wp","href":"https:\/\/api.w.org\/{rel}","templated":true}]}}