{"id":13644,"date":"2017-02-18T10:08:30","date_gmt":"2017-02-18T09:08:30","guid":{"rendered":"http:\/\/www.thereportzone.it\/?p=13644"},"modified":"2017-02-18T10:08:30","modified_gmt":"2017-02-18T09:08:30","slug":"falciano-grandi-festeggiamenti-in-vista-per-carnevale-tutto-il-programma","status":"publish","type":"post","link":"https:\/\/www.thereportzone.it\/?p=13644","title":{"rendered":"FALCIANO &#8211; Grandi festeggiamenti in vista per il Carnevale 2017 &#8211; TUTTO IL PROGRAMMA"},"content":{"rendered":"<p>&nbsp;<br \/>\n<strong>FALCIANO<\/strong>. Come ogni anno anche per questo Carnevale 2017 l&#8217;Associazione Ogni Volta si \u00e8 rimboccata le maniche e si \u00e8 messa al lavoro per offrire sfilate, carri allegorici e grandi feste. E&#8217; stato gi\u00e0 redatto un calendario degli appuntamenti che coinvolgeranno l&#8217;intera comunit\u00e0 falcianese durante il Carnevale.<br \/>\nE&#8217; stata pubblicata, infatti, un&#8217;Anticipazione. Ecco gli eventi in programma:<br \/>\n<strong>Giorno 23:<\/strong> inizio del Carnevale&#8230;<br \/>\n<strong>Giorno 24:<\/strong> &#8220;Carnival&#8221; Festa in maschera via direttissima ( ex ristorante La Cascina &#8221; Start ore 23.00 Speciale Guest &#8221; I Bevitori Longevi &#8221; &#8211; &#8221; DJ Ivan Tipaldi &#8220;&#8230;..<\/p>\n<div class=\"text_exposed_show\">\n<strong>Giorno 26:<\/strong> &#8221; Sfilata Carri Allegorici&#8221;<br \/>\nStart ore 14.30, partenza e finale Piazza Limata, Special Guest &#8221; Marcello Colasurdo e la Paranza&#8221;&#8230;.<br \/>\n<strong>Giorno 28:<\/strong> &#8220;Sfilata Carri Allegorici&#8221;<br \/>\nStart ore 14.30, partenza e finale Piazza San Pietro, Special Guest &#8221; Jack Sparrow VS Sputafuoco&#8221;&#8230;.<br \/>\nVi vogliamo numerosi&#8230;. \u00a0L&#8221;Associazione &#8220;Ogni Volta&#8221; ringrazia tutti per la collaborazione!!!! Gentilmente condividete!!!!! Grazie!!!!<br \/>\n&nbsp;<br \/>\n<img fetchpriority=\"high\" decoding=\"async\" class=\"aligncenter wp-image-13645 size-full\" src=\"http:\/\/www.thereportzone.it\/wp-content\/uploads\/2017\/02\/16601797_10210503985108530_561112547055916625_o.jpg\" alt=\"16601797_10210503985108530_561112547055916625_o\" width=\"514\" height=\"720\" \/>\n<\/div>\n","protected":false},"excerpt":{"rendered":"<p>&nbsp; FALCIANO. Come ogni anno anche per questo Carnevale 2017 l&#8217;Associazione Ogni Volta si \u00e8 rimboccata le maniche<\/p>\n","protected":false},"author":2,"featured_media":13645,"comment_status":"closed","ping_status":"closed","sticky":false,"template":"","format":"standard","meta":{"sfsi_plus_gutenberg_text_before_share":"","sfsi_plus_gutenberg_show_text_before_share":"","sfsi_plus_gutenberg_icon_type":"","sfsi_plus_gutenberg_icon_alignemt":"","sfsi_plus_gutenburg_max_per_row":"","footnotes":""},"categories":[10,4],"tags":[5060,5061,5062,5063,5064],"class_list":["post-13644","post","type-post","status-publish","format-standard","has-post-thumbnail","hentry","category-cultura","category-falciano","tag-carnevale","tag-carnevale-falciano","tag-carnevale-falciano-del-massico","tag-carri-allegorici","tag-festa-in-maschera"],"_links":{"self":[{"href":"https:\/\/www.thereportzone.it\/index.php?rest_route=\/wp\/v2\/posts\/13644"}],"collection":[{"href":"https:\/\/www.thereportzone.it\/index.php?rest_route=\/wp\/v2\/posts"}],"about":[{"href":"https:\/\/www.thereportzone.it\/index.php?rest_route=\/wp\/v2\/types\/post"}],"author":[{"embeddable":true,"href":"https:\/\/www.thereportzone.it\/index.php?rest_route=\/wp\/v2\/users\/2"}],"replies":[{"embeddable":true,"href":"https:\/\/www.thereportzone.it\/index.php?rest_route=%2Fwp%2Fv2%2Fcomments&post=13644"}],"version-history":[{"count":0,"href":"https:\/\/www.thereportzone.it\/index.php?rest_route=\/wp\/v2\/posts\/13644\/revisions"}],"wp:featuredmedia":[{"embeddable":true,"href":"https:\/\/www.thereportzone.it\/index.php?rest_route=\/"}],"wp:attachment":[{"href":"https:\/\/www.thereportzone.it\/index.php?rest_route=%2Fwp%2Fv2%2Fmedia&parent=13644"}],"wp:term":[{"taxonomy":"category","embeddable":true,"href":"https:\/\/www.thereportzone.it\/index.php?rest_route=%2Fwp%2Fv2%2Fcategories&post=13644"},{"taxonomy":"post_tag","embeddable":true,"href":"https:\/\/www.thereportzone.it\/index.php?rest_route=%2Fwp%2Fv2%2Ftags&post=13644"}],"curies":[{"name":"wp","href":"https:\/\/api.w.org\/{rel}","templated":true}]}}