{"id":1362,"date":"2015-09-06T16:20:48","date_gmt":"2015-09-06T14:20:48","guid":{"rendered":"http:\/\/thereportzone.com\/?p=1362"},"modified":"2015-09-06T16:20:48","modified_gmt":"2015-09-06T14:20:48","slug":"questione-migranti-il-manifesto-di-fi-e-ncd-sinistra-bugiarda-e-cialtrona","status":"publish","type":"post","link":"https:\/\/www.thereportzone.it\/?p=1362","title":{"rendered":"Questione migranti, il manifesto di Fi e Ncd: &#8220;Sinistra bugiarda e cialtrona&#8221;"},"content":{"rendered":"<p><br \/>\n<strong>06 Settembre 2015 &#8211; Falciano del Massico<\/strong>. Continua il botta e risposta tra maggioranza ed opposizione per la questione dell&#8217;arrivo dei migranti. Dopo il video messaggio del sindaco Dott. Giosu\u00e8 Santoro \u00a0 https:\/\/www.youtube.com\/watch?v=hoO3i-4book \u00a0 risalente ad alcuni giorni prima dell&#8217;arrivo dei 25 migranti, in paese non si parla d&#8217;altro. Non \u00e8 soltanto la politica a parlare e a rilasciare dichiarazioni ma sono anche i cittadini. Una densa nube si \u00e8 calata sulle menti di chi pensava di appartenere ad una fazione \u00a0politica o ad un&#8217;altra, una nube provocata dalla confusione creatasi da un forte dibattito che ha, a volte, strumentalizzato la figura del migrante, confondendo le idee sulla volont\u00e0 del cittadino di voler ricevere o meno queste persone. Una cosa \u00e8 certa, anzi\u00a0due: la prima \u00e8 che Falciano non \u00e8 mai stato un paese razzista, e l&#8217;accoglienza del pulmino, all&#8217;arrivo dei migranti, ne \u00e8 stata la dimostrazione. La seconda cosa certa \u00e8 la chiara idea critica del primo cittadino in merito a questa vicenda, che lo vede\u00a0tagliato fuori per via di \u00a0questo\u00a0asse diretto tra Cooperativa e Prefettura e, probabilmente, anche per via dello zampino di qualcuno che, su tale vicenda, ha deciso di guadagnarci qualche euro. La dimostrazione di quello che stiamo dicendo \u00e8 il manifesto affisso ieri sera dal gruppo Forza Italia, Insieme per Falciano e Ncd dal titolo &#8220;La doppia faccia della sinistra bugiarda e cialtrona&#8221;. Un attacco diretto alla politica di sinistra in questo paese, ancor pi\u00f9 forte quando, tra le righe, si legge: &#8220;Basta poco per scoprire che questa cooperativa ha evidenti legami con qualche esponente del centrosinistra locale: \u00e8 sufficiente vedere chi lavora nella struttura: tutti avversari dichiarati dell&#8217;amministrazione&#8221;. Adesso, nelle prossime ore, si attende l&#8217;affissione del manifesto di risposta del Pd che, secondo voci indiscrete, \u00e8 in fase di preparazione. Sempre da voci di corridoio giunge\u00a0che anche il M5S affigger\u00e0 un manifesto sulla questione dell&#8217;arrivo dei migranti. Nel mirino dei grillini la&#8221;mala gestione dell&#8217;affare&#8221; e la denuncia su questo giro di soldi che sembra essersi\u00a0formato. Dal nostro punto di vista, al di l\u00e0 di ogni colore politico, crediamo che chiarimenti vadano fatti per il rispetto del cittadino e dell&#8217;elettore. I migranti, adesso, sono qui e ci\u00f2 non rappresenta un problema. Quello che in molti, invece, vogliono sapere \u00e8 se la Cooperativa sta agendo nella legalit\u00e0 o se, invece, sta lucrando sulle spalle della povera gente.<\/p>\n<p style=\"text-align:right;\"><strong>Giuseppe Nicodemo<\/strong><\/p>\n","protected":false},"excerpt":{"rendered":"<p>06 Settembre 2015 &#8211; Falciano del Massico. Continua il botta e risposta tra maggioranza ed opposizione per la<\/p>\n","protected":false},"author":2,"featured_media":1363,"comment_status":"open","ping_status":"open","sticky":false,"template":"","format":"standard","meta":{"sfsi_plus_gutenberg_text_before_share":"","sfsi_plus_gutenberg_show_text_before_share":"","sfsi_plus_gutenberg_icon_type":"","sfsi_plus_gutenberg_icon_alignemt":"","sfsi_plus_gutenburg_max_per_row":"","footnotes":""},"categories":[9],"tags":[63,15,32,88,38,51,64,33,536,3903,3886,3904,3905,447,138,131,3906,3907,23,3908,140,3909,330,3910,3911,195,3912,3913,125],"class_list":["post-1362","post","type-post","status-publish","format-standard","has-post-thumbnail","hentry","category-politica","tag-63","tag-15","tag-acqua","tag-aggressione","tag-agosto","tag-allarme","tag-ambulanza","tag-amministrazione","tag-bagarre","tag-botta-e-risposta","tag-chiarezza","tag-cooperative","tag-destra","tag-emergenza","tag-europa","tag-falcianodelmassico","tag-forza-italia","tag-germania","tag-giornalismo","tag-giro-di-soldi","tag-italia","tag-malaffare","tag-migranti","tag-ncd","tag-partito-democratico","tag-politica-2","tag-sbarco","tag-sinistra","tag-soldi"],"_links":{"self":[{"href":"https:\/\/www.thereportzone.it\/index.php?rest_route=\/wp\/v2\/posts\/1362"}],"collection":[{"href":"https:\/\/www.thereportzone.it\/index.php?rest_route=\/wp\/v2\/posts"}],"about":[{"href":"https:\/\/www.thereportzone.it\/index.php?rest_route=\/wp\/v2\/types\/post"}],"author":[{"embeddable":true,"href":"https:\/\/www.thereportzone.it\/index.php?rest_route=\/wp\/v2\/users\/2"}],"replies":[{"embeddable":true,"href":"https:\/\/www.thereportzone.it\/index.php?rest_route=%2Fwp%2Fv2%2Fcomments&post=1362"}],"version-history":[{"count":0,"href":"https:\/\/www.thereportzone.it\/index.php?rest_route=\/wp\/v2\/posts\/1362\/revisions"}],"wp:featuredmedia":[{"embeddable":true,"href":"https:\/\/www.thereportzone.it\/index.php?rest_route=\/"}],"wp:attachment":[{"href":"https:\/\/www.thereportzone.it\/index.php?rest_route=%2Fwp%2Fv2%2Fmedia&parent=1362"}],"wp:term":[{"taxonomy":"category","embeddable":true,"href":"https:\/\/www.thereportzone.it\/index.php?rest_route=%2Fwp%2Fv2%2Fcategories&post=1362"},{"taxonomy":"post_tag","embeddable":true,"href":"https:\/\/www.thereportzone.it\/index.php?rest_route=%2Fwp%2Fv2%2Ftags&post=1362"}],"curies":[{"name":"wp","href":"https:\/\/api.w.org\/{rel}","templated":true}]}}