{"id":13437,"date":"2017-01-30T18:45:16","date_gmt":"2017-01-30T17:45:16","guid":{"rendered":"http:\/\/www.thereportzone.it\/?p=13437"},"modified":"2017-01-30T18:45:16","modified_gmt":"2017-01-30T17:45:16","slug":"primarie-falciano-lanalisi-del-dott-marino-bene-ho-fatto-a-dire-no","status":"publish","type":"post","link":"https:\/\/www.thereportzone.it\/?p=13437","title":{"rendered":"PRIMARIE FALCIANO &#8211; L&#8217;analisi del Dott. Marino: &#8220;Bene ho fatto a dire no&#8221;"},"content":{"rendered":"<p>&nbsp;<br \/>\n<strong>FALCIANO<\/strong>. &#8220;<em>Primarie del centro sinistra: purtroppo ho avuto \u00a0ragione e bene ho fatto a dire NO.<\/em><br \/>\n<em>Come avevo a suo tempo ampiamente motivato, le strumento delle primarie \u00e8 di per s\u00e9 divisivo e lo \u00e8 ancora di pi\u00f9 in un piccolo paese. Dopo il risultato delle primarie e le dichiarazioni di facciata invito i falcianesi a qualche riflessione politica.<\/em><br \/>\n<em>Prima riflessione il gruppo Falciano Futura, che alle scorse amministrative rappresentava il centro sinistra (circa 900 voti) \u00e8 scomparso. Il capogruppo rag. Freddino ha ritenuto di non candidarsi alle primarie, ed ha ripetutamente dichiarato di non volersi ripresentare, mentre Igor Prata, referente di SI(ex SEL), partito in via di costituzione, ha abdicato non presentando alcun candidato del suo schieramento politico andando a sostenere il segretario locale del PD.<\/em><br \/>\n<em>Seconda riflessione il vincitore delle primarie non \u00e8 rappresentativo del popolo del centro sinistra perch\u00e9al netto dei 5 nuclei familiari che lo hanno sostenuto non sarebbe arrivato a quota 300. Lo zoccolo duro dello schieramento di centro sinistra \u00e8 costituito da circa 1000 elettori che vanno ben al di l\u00e0 di PD e SI.<\/em><br \/>\n<em>Quindi l\u2019offerta messa in campo dai sostenitori delle primarie \u00e8 stata bocciata dalla maggioranza del popolo di centro sinistra. Questo risultato fa emergere chiaramente che in tanti non hanno capito perch\u00e9 in tutta Italia il costituendo partito SI \u00e8 alternativo e antagonista del PD ed a Falciano invece sostiene il segretario del PD. Come non hanno capito perch\u00e9 i due consiglieri di Falciano Futura hanno appoggiato l\u2019attuale segretario del Pd che alle scorse amministrative aveva sostenuto un proprio familiare candidato nella lista del Gabbiano. E\u2019 ancora viva nella memoria degli elettori di Falciano Futura l\u2019immagine del sindaco uscente Fava che alzava compiaciuto il braccio del vincitore Santoro. Forse i due consiglieri uscenti si sono defilati e continuano a dichiarare di non volersi candidare, perch\u00e9 sentono l\u2019ostilit\u00e0 del popolo di centro sinistra nei confronti della soluzione scelta e fiutano aria di sconfitta. Allora come si pensa di recuperare chi non \u00e8 d\u2019accordo con la strada intrapresa?<\/em><br \/>\n<em>A mio avviso resta solo una strada per ripartire ed \u00e8 la via maestra della politica, quella via che rimette Falciano al centro ed i personalismi a latere.<\/em><br \/>\n<em>Bisogna aprire un dibattito concreto e inclusivo intorno ad un progetto serio con un candidato\/a autorevole che sappia superare gli attuali schieramenti logori e vetusti, e che sappia intercettare il diffuso malcontento che esiste tra la popolazione. Sono in tanti a credere in una nuova aggregazione e nei prossimi giorni ci sar\u00e0 anche un incontro di personalit\u00e0 che vogliono impegnarsi in prima persona alla costruzione di un nuovo progetto politico&#8221;.<\/em><\/p>\n<p style=\"text-align: right;\"><strong>Domenico Marino<\/strong><\/p>\n","protected":false},"excerpt":{"rendered":"<p>&nbsp; FALCIANO. &#8220;Primarie del centro sinistra: purtroppo ho avuto \u00a0ragione e bene ho fatto a dire NO. Come<\/p>\n","protected":false},"author":2,"featured_media":13438,"comment_status":"closed","ping_status":"closed","sticky":false,"template":"","format":"standard","meta":{"sfsi_plus_gutenberg_text_before_share":"","sfsi_plus_gutenberg_show_text_before_share":"","sfsi_plus_gutenberg_icon_type":"","sfsi_plus_gutenberg_icon_alignemt":"","sfsi_plus_gutenburg_max_per_row":"","footnotes":""},"categories":[4,9],"tags":[],"class_list":["post-13437","post","type-post","status-publish","format-standard","has-post-thumbnail","hentry","category-falciano","category-politica"],"_links":{"self":[{"href":"https:\/\/www.thereportzone.it\/index.php?rest_route=\/wp\/v2\/posts\/13437"}],"collection":[{"href":"https:\/\/www.thereportzone.it\/index.php?rest_route=\/wp\/v2\/posts"}],"about":[{"href":"https:\/\/www.thereportzone.it\/index.php?rest_route=\/wp\/v2\/types\/post"}],"author":[{"embeddable":true,"href":"https:\/\/www.thereportzone.it\/index.php?rest_route=\/wp\/v2\/users\/2"}],"replies":[{"embeddable":true,"href":"https:\/\/www.thereportzone.it\/index.php?rest_route=%2Fwp%2Fv2%2Fcomments&post=13437"}],"version-history":[{"count":0,"href":"https:\/\/www.thereportzone.it\/index.php?rest_route=\/wp\/v2\/posts\/13437\/revisions"}],"wp:featuredmedia":[{"embeddable":true,"href":"https:\/\/www.thereportzone.it\/index.php?rest_route=\/"}],"wp:attachment":[{"href":"https:\/\/www.thereportzone.it\/index.php?rest_route=%2Fwp%2Fv2%2Fmedia&parent=13437"}],"wp:term":[{"taxonomy":"category","embeddable":true,"href":"https:\/\/www.thereportzone.it\/index.php?rest_route=%2Fwp%2Fv2%2Fcategories&post=13437"},{"taxonomy":"post_tag","embeddable":true,"href":"https:\/\/www.thereportzone.it\/index.php?rest_route=%2Fwp%2Fv2%2Ftags&post=13437"}],"curies":[{"name":"wp","href":"https:\/\/api.w.org\/{rel}","templated":true}]}}