{"id":13433,"date":"2017-01-30T09:42:50","date_gmt":"2017-01-30T08:42:50","guid":{"rendered":"http:\/\/www.thereportzone.it\/?p=13433"},"modified":"2017-01-30T09:42:50","modified_gmt":"2017-01-30T08:42:50","slug":"falciano-dalle-primarie-nasce-il-nuovo-popolo-di-zannone","status":"publish","type":"post","link":"https:\/\/www.thereportzone.it\/?p=13433","title":{"rendered":"FALCIANO &#8211; Dalle Primarie nasce il nuovo popolo di Zannone"},"content":{"rendered":"<p>&nbsp;<br \/>\n<strong>FALCANO<\/strong>. Le Primarie che si sono tenute ieri hanno registrato alcuni dati molto importanti. Il primo riguarda l&#8217;altissima affluenza, 733 elettori che si sono recati alle urne per scegliere il prossimo candidato sindaco. Il secondo dato che emerge \u00e8 che, nonostante la vittoria dell&#8217;Ing. Erasmo Fava, il Prof. Mario Zannone ha registrato un boom di voti: 261 (con 251 schede valide e 10 nulle in quanto \u00e8 stato votato il simbolo).<br \/>\nDa questo dato nasce\u00a0quello che lo stesso Zannone, con Falciano Tua, poco fa, hanno annunciato come &#8220;il nuovo popolo di Zannone&#8221;. Qui di seguito l&#8217;annuncio ufficiale pubblicato dall&#8217;Ufficio Stampa del Prof. Mario Zannone poco fa:<br \/>\n&nbsp;<\/p>\n<p style=\"text-align: center;\"><strong>Vittoria politica: nasce il nuovo polo<\/strong><\/p>\n<p style=\"text-align: center;\">Grazie a quanti hanno voluto\u00a0 con il loro voto creare\u00a0 dalla candidatura alle primarie del prof. Mario Zannone un polo politico nuovo e determinante.<\/p>\n<p style=\"text-align: center;\">La grande partecipazione popolare suscitata dall\u2019interesse civico di avere un cambiamento risulta gratificante e straordinaria. Essa induce a lavorare con determinazione al cambiamento concretamente rappresentato dal risultato totale, 733 votanti, e da quelli dei rispettivi\u00a0 candidati che hanno dato prova di seriet\u00e0, responsabilit\u00e0 in un clima di reciproco rispetto e senso di appartenenza.<strong>\u00a0<\/strong><\/p>\n<p style=\"text-align: center;\"><strong>Falciano Tua oggi \u00e8 un polo non pi\u00f9 un gruppo politico.<\/strong><\/p>\n<p style=\"text-align: center;\">Il candidato\u00a0 prof. Zannone ha portato nelle primarie una considerevole parte dell\u2019elettorato \u00a0che non guardava al centro sinistra n\u00e9 guarderebbe senza un progetto di programma e di vittoria. Con gli amici che hanno sostenuto il prof. Zannone si lavorer\u00e0 affinch\u00e8 l\u2019esperienza delle primarie sia l\u2019inizio di un nuovo corso per la politica a Falciano.<\/p>\n<p style=\"text-align: center;\">E\u2019 soltanto l\u2019 alba di un cammino che vedr\u00e0 la nuova realt\u00e0 politica costruita dal prof. Zannone impegnarsi alle amministrative e alle elezioni governative.<\/p>\n<p style=\"text-align: center;\"><strong>Nasce un terzo polo composto da gente libera, preparata e pronta alle sfide.<\/strong><\/p>\n<p style=\"text-align: center;\">Per quanto concerne, nello specifico, dell\u2019impegno si rivolge a tutti i referenti l\u2019invito ad entrare in lista a sostegno del candidato sindaco s\u00ec da rendere credibile l\u2019appoggio massiccio assicuratogli. Sfilarsi dalla competizione\u00a0 come gi\u00e0 annunciato da Igor Prata non promette bene,\u00a0 soprattutto dopo aver favorito in maniera convinta l\u2019elezione dell\u2019ing. Fava., esponente del Pd. Lo stesso invito \u00e8 rivolto agli altri esponenti del PD Freddino , Cerrito\u00a0 e G. Di Gregorio anche loro determinanti dell\u2019affermazione dell\u2019ing. Fava.<\/p>\n<p style=\"text-align: center;\">Noi assicuriamo pieno e incondizionato sostegno\u00a0 ad un progetto di vittoria e di buona amministrazione nel solco intrapreso del cambiamento.<\/p>\n<p style=\"text-align: center;\">A tutti i convinti amici, professionisti, imprenditori, simpatizzanti e gente comune va una riflessione tesa a dimostrare che noi ci siamo tanto da \u00a0risultare a parte che vuole cambiare in un sistema bloccato .<\/p>\n<p style=\"text-align: center;\"><strong>Il prof. Zannone conferma \u00a0la sua leadership con un risultato 261 voti ( 251 valide + 10 nulle in quanto spuntate sul simbolo) \u00a0che fa da valore aggiunto per la possibile vittoria.<\/strong><\/p>\n<p style=\"text-align: center;\">Continueremo ad informare i cittadini ed elettori tramite il prezioso Ufficio Stampa&#8221;.<\/p>\n","protected":false},"excerpt":{"rendered":"<p>&nbsp; FALCANO. Le Primarie che si sono tenute ieri hanno registrato alcuni dati molto importanti. Il primo riguarda<\/p>\n","protected":false},"author":2,"featured_media":13435,"comment_status":"closed","ping_status":"closed","sticky":false,"template":"","format":"standard","meta":{"sfsi_plus_gutenberg_text_before_share":"","sfsi_plus_gutenberg_show_text_before_share":"","sfsi_plus_gutenberg_icon_type":"","sfsi_plus_gutenberg_icon_alignemt":"","sfsi_plus_gutenburg_max_per_row":"","footnotes":""},"categories":[4,9],"tags":[],"class_list":["post-13433","post","type-post","status-publish","format-standard","has-post-thumbnail","hentry","category-falciano","category-politica"],"_links":{"self":[{"href":"https:\/\/www.thereportzone.it\/index.php?rest_route=\/wp\/v2\/posts\/13433"}],"collection":[{"href":"https:\/\/www.thereportzone.it\/index.php?rest_route=\/wp\/v2\/posts"}],"about":[{"href":"https:\/\/www.thereportzone.it\/index.php?rest_route=\/wp\/v2\/types\/post"}],"author":[{"embeddable":true,"href":"https:\/\/www.thereportzone.it\/index.php?rest_route=\/wp\/v2\/users\/2"}],"replies":[{"embeddable":true,"href":"https:\/\/www.thereportzone.it\/index.php?rest_route=%2Fwp%2Fv2%2Fcomments&post=13433"}],"version-history":[{"count":0,"href":"https:\/\/www.thereportzone.it\/index.php?rest_route=\/wp\/v2\/posts\/13433\/revisions"}],"wp:featuredmedia":[{"embeddable":true,"href":"https:\/\/www.thereportzone.it\/index.php?rest_route=\/"}],"wp:attachment":[{"href":"https:\/\/www.thereportzone.it\/index.php?rest_route=%2Fwp%2Fv2%2Fmedia&parent=13433"}],"wp:term":[{"taxonomy":"category","embeddable":true,"href":"https:\/\/www.thereportzone.it\/index.php?rest_route=%2Fwp%2Fv2%2Fcategories&post=13433"},{"taxonomy":"post_tag","embeddable":true,"href":"https:\/\/www.thereportzone.it\/index.php?rest_route=%2Fwp%2Fv2%2Ftags&post=13433"}],"curies":[{"name":"wp","href":"https:\/\/api.w.org\/{rel}","templated":true}]}}