{"id":13326,"date":"2017-01-18T18:23:47","date_gmt":"2017-01-18T17:23:47","guid":{"rendered":"http:\/\/www.thereportzone.it\/?p=13326"},"modified":"2017-01-18T18:23:47","modified_gmt":"2017-01-18T17:23:47","slug":"prmarie-falciano-il-prof-zannone-sono-pronto-ecco-il-mio-programma","status":"publish","type":"post","link":"https:\/\/www.thereportzone.it\/?p=13326","title":{"rendered":"PRIMARIE FALCIANO &#8211; Il Prof. Zannone: &#8220;Sono pronto, ecco il mio programma&#8221;"},"content":{"rendered":"<p>&nbsp;<br \/>\n<strong>FALCIANO<\/strong>. Le elezioni amministrative sono ormai alle porte e, la diffusione di programmi, idee ed obiettivi, si fa sempre pi\u00f9 fitta. In prima linea il Prof. Mario Zannone che, attraverso diversi mezzi, trova dialogo con i suoi elettori rivolgendosi, pi\u00f9 ampiamente, a tutto il popolo falcianese.<br \/>\nIl suo programma, molto dettagliato, \u00e8 stato messo a punto e diffuso attraverso un comunicato stampa che pubblichiamo qui di seguito:<br \/>\n&nbsp;<\/p>\n<p style=\"text-align: center;\"><strong><em>PROF. MARIO ZANNONE, CANDIDATO ALLA CARICA DI SINDACO PER LE PRIMARIE CITTADINE DEL 29 GENNAIO 2017 \u2013 FALCIANO DEL MASSICO.<\/em><\/strong><\/p>\n<p style=\"text-align: center;\"><strong><em>\u00a0<\/em><\/strong><strong><em>ZANNONE: \u201c SONO PRONTO, ECCO IL MIO PROGRAMMA\u201d<\/em><\/strong><\/p>\n<p><strong>\u00a0<\/strong><br \/>\n<em>In vista delle imminenti elezioni amministrative 2017 a Falciano del Massico, sono gi\u00e0 tanti gli argomenti ed i punti in programma messi in luce dal candidato sindaco <strong>Prof. Mario Zannone.<\/strong> Un programma dettagliato \u00e8 stato messo a punto, in attesa di incontrare direttamente cittadini ed elettori, in comizi ed assemblee.<\/em><br \/>\n&nbsp;<br \/>\n<em>Un programma ampio, che pu\u00f2 essere realizzato attraverso una politica che mira al fabbisogno della popolazione, toccando ogni settore: non soltanto politica, ma anche territorio, societ\u00e0 ed economia. Tutto ci\u00f2 di cui Falciano del Massico ha bisogno per voltare pagina e guardare avanti.<\/em><br \/>\n&nbsp;<br \/>\n<em>Diversi i punti elaborati nel programma che vedremo, qui di seguito, nel dettaglio: politica e societ\u00e0; sviluppo e territorio; amministrazione e servizi; formazione e scuola; nuovi progetti per i lavori pubblici. E poi ancora: giovani; tasse; tributi e politiche d\u2019accoglienza. Una miscela efficace per ripartire traendo forza dalla popolazione stessa, rimediando alle profonde lacune scaturite da cinque anni di immobilismo.<\/em><br \/>\n&nbsp;<br \/>\n<em>Il Prof. Mario Zannone, di fatto, sta mietendo gi\u00e0 numerosi consensi, anche tra i giovani, che sui social lo seguono accaniti. E\u2019 stato, pertanto, creato un\u2019hastag\u00a0 <strong>#iostoconilprof<\/strong>, gi\u00e0 molto seguita e cliccata. Si \u00e8 inoltre formato uno staff ufficio stampa che curer\u00e0 tutta la comunicazione e la diffusione di appelli e comunicati stampa.<\/em><br \/>\n&nbsp;<br \/>\n<em>Qui di seguito il programma, nel dettaglio:<\/em><br \/>\n<strong>\u00a0<\/strong><\/p>\n<p style=\"text-align: center;\"><strong>PRIMARIE CITTADINE 2017<\/strong><\/p>\n<p style=\"text-align: center;\"><strong>\u00a0<\/strong><\/p>\n<p style=\"text-align: center;\"><strong>Programma elettorale<\/strong><\/p>\n<p>per la partecipazione alle primarie di coalizione aventi ad oggetto la selezione del candidato sindaco alle elezioni 2017 per il rinnovo del consiglio comunale del comune di Falciano del Massico.<\/p>\n<p style=\"text-align: center;\"><strong>SINTESI<\/strong><\/p>\n<p style=\"text-align: center;\"><strong>POLITICA E SOCIET\u00c0<\/strong><\/p>\n<p>L\u2019impegno amministrativo si alimenta delle ragioni della politica, sentieri resi aridi dallo spegnersi delle ideologie, fattore, quest\u2019ultimo, che ha disorientato e, soprattutto, dequalificato il concetto della cosa pubblica.<br \/>\nLe stesse funzioni pubbliche sono risultate asservite alla bieca ricerca dell\u2019interesse privato.<br \/>\nDa queste negative esperienze, ricostruire il discorso politico come lettura della complessit\u00e0 sociale, come strumento di elaborazione delle soluzioni e, soprattutto, come\u00a0 ambito di ricerca delle esigenze, rappresenta l\u2019impegno costante di chi intende proporre idee nell\u2019ambito della buona amministrazione.<br \/>\nNon da meno risulta fondamentale il recupero del pensiero che ha animato la\u00a0 tradizione della sinistra progressista, del cattolicesimo democratico e popolare nonch\u00e9 del movimentismo ambientalista e dei diritti.<br \/>\n<strong>\u00a0<\/strong><\/p>\n<p style=\"text-align: center;\"><strong>AMMINISTRAZIONE: SVILUPPO E TERRITORIO<\/strong><\/p>\n<p>Le politiche di sviluppo del territorio e del rilancio occupazionale attraverso:<\/p>\n<ol>\n<li>l\u2019incentivazione dell\u2019edilizia di recupero integrale del centro storico;<\/li>\n<li>l\u2019ammodernamento energetico degli edifici pubblici e privati;<\/li>\n<li>la tutela paesaggistica nella dinamica funzionale di progettualit\u00e0 idonee e compatibili;<\/li>\n<li>la progettazione del \u2018Paese del Falerno\u2019 ( come traino di tutta la produzione agricola);<\/li>\n<li>lo sviluppo di aree vocate agli insediamenti industriali e commerciali con l\u2019obiettivo della domiciliazione sul territorio di aziende prevalentemente agricole;<\/li>\n<li>la tutela integrale dell\u2019ambiente con la chiusura degli insediamenti industriali nocivi e insalubri insistenti sulla cava;<\/li>\n<li>Il recupero della cava con bonifiche e ripristino dei luoghi<\/li>\n<li>l\u2019acquisizione al patrimonio comunale delle cesine incolte e progetti occupazionali nell\u2019ambito della manutenzione;<\/li>\n<li>Riserva del Lago e parco culturale ed ambientale: progetti di sviluppo europei<\/li>\n<\/ol>\n<p><strong>\u00a0<\/strong><\/p>\n<p style=\"text-align: center;\"><strong>AMMINISTRAZIONE E SERVIZI<\/strong><\/p>\n<ol>\n<li>Potenziamento dei servizi pubblici attraverso l\u2019informatizzazione e prestazioni on line;<\/li>\n<li>Snellimento burocratico mediante il sistema degli uffici in rete e accorpati;<\/li>\n<li>Qualificazione e formazione professionale della pianta organica;<\/li>\n<li>Abbattimento dei costi gestione del personale con la razionalizzazione e ottimizzazione delle risorse umane;<\/li>\n<li>Funzionalit\u00e0 organica dei servizi mediante accentramento delle responsabilit\u00e0 apicali e figure dirigenziali alternative all\u2019attuale segretariato<\/li>\n<li>Qualificazione del servizio rr.ss.uu con progetti di recupero materiale pregiato gestiti dal comune in vista di considerevoli risparmi con la differenziata \u201cintelligente ed attiva\u201d;<\/li>\n<li>Rimodulazione e articolazione, con regolamento comunale e di ambito, dell\u2019assistenza sociale con obiettivi di tutela e sostegno alle famiglie e ai soggetti interessati dalle nuove forme di povert\u00e0;<\/li>\n<\/ol>\n<p><strong>\u00a0<\/strong><\/p>\n<p style=\"text-align: center;\"><strong>Formazione e scuola<\/strong><\/p>\n<ol>\n<li>Priorit\u00e0 alla scuola e alla formazione permanente con progetti condivisi con l\u2019Ufficio provinciale e regionale anche con risorse comunali;<\/li>\n<li>potenziamento laboratori delle lingue straniere con gestione anche pomeridiana;<\/li>\n<li>ripristino e funzionalit\u00e0 biblioteca anche in forma multimediale;<\/li>\n<li>realizzazione del laboratorio museale con la trasformazione del regolamento comunale istitutivo del Museo Civico;<\/li>\n<li>incentivazione alle associazioni e sodalizi culturali e teatrali<\/li>\n<\/ol>\n<p><strong>\u00a0<\/strong><\/p>\n<p style=\"text-align: center;\"><strong>LAVORI PUBBLICI E TERRITORIO: <\/strong><\/p>\n<p style=\"text-align: center;\"><strong>FINALIT\u00c0 E PROGETTI<\/strong><\/p>\n<p>I lavori pubblici finalizzati all\u2019ammodernamento della viabilit\u00e0, dei servizi e al potenziamento infrastrutturale non debbono perseguire obiettivi di utilit\u00e0 privata.<br \/>\nSi proporranno:<\/p>\n<ol>\n<li>Progetti non invasivi e armonici con il territorio e il suo sviluppo sostenibile e compatibile.<\/li>\n<li>Redazione di un nuovo Puc con linee guida diverse dalle attuali.<\/li>\n<li>Risoluzione zona rossa.<\/li>\n<li>Recupero infrastrutture abbandonate.<\/li>\n<\/ol>\n<p><strong>\u00a0<\/strong><\/p>\n<p style=\"text-align: center;\"><strong>AMMINISTRAZIONE E GIOVANI<\/strong><\/p>\n<p>Le politiche giovanile devono perseguire obiettivi di lunga durata con iniziative e proposte tese, innanzitutto, al coinvolgimento e al senso di responsabilit\u00e0.<br \/>\nL\u2019assistenzialismo spicciolo produce avvilimento e attese clientelari che umiliano la condizione dei giovani.<br \/>\nLa cultura del lavoro e del rendimento nonch\u00e9 dell\u2019utilit\u00e0 pubblica costituiscono i presupposti per nuove politiche a favore dei giovani.<br \/>\nLa complessit\u00e0 come la globalizzazione inducono a mettere in campo proposte di sostegno allo studio con agevolazioni alle famiglie e agli stessi studenti; realizzazione di spazi e strutture polivalenti; apprendistato con piani regionali; primo accesso al lavoro con cooperative e societ\u00e0 pubblico\\private; riqualificazione e promozione attivit\u00e0 sportive<br \/>\n<strong>\u00a0<\/strong><\/p>\n<p style=\"text-align: center;\"><strong>TASSE\u00a0 E TRIBUTI<\/strong><\/p>\n<p>La confusionaria gestione dei tributi, oggi in essere, risulta il sintomo di una chiara volont\u00e0 prevaricatrice del buon senso e delle regole del buon governo.<br \/>\nDisciplinare il comparto \u00e8 prioritario per l\u2019abbassamento delle aliquote.<br \/>\nL\u2019esternalizzazione del servizio, penalizzante come attualmente a regime, comporta sperperi e tassazione esagerata. Un disservizio che frustra i contribuenti e mina lo sblocco di risorse.<br \/>\nTesoreria comunale, servizio tributi ed ufficio affari economici e finanziari debbono avere una regia di indirizzo politico e un\u2019organizzazione unitaria, trasparente, efficace mediante la ristrutturazione del comparto.<br \/>\n<strong>\u00a0<\/strong><\/p>\n<p style=\"text-align: center;\"><strong>POLITICHE DELL\u2019ACCOGLIENZA<\/strong><\/p>\n<p>L\u2019accoglienza quale valore costituzionale e morale fondato sulla solidariet\u00e0 conosce gi\u00e0 interazioni all\u2019interno della comunit\u00e0 locale. Vivono sul territorio famiglie \u201cstraniere\u201d ben integrate e laboriose. Le dinamiche sociali conosceranno nei prossimi decenni nuove forme di accoglienza, un fenomeno inesorabile che deve trovare la pubblica amministrazione pronta a mettere in campo iniziative e risorse in grado di alimentare l\u2019integrazione, fonte di sviluppo culturale ed anche economico.<\/p>\n<p style=\"text-align: right;\"><strong><em>\u00a0<\/em><\/strong><strong><em>Lo Staff Ufficio Stampa <\/em><\/strong><\/p>\n<p style=\"text-align: right;\"><strong><em>del Prof. Mario Zannone<\/em><\/strong><\/p>\n","protected":false},"excerpt":{"rendered":"<p>&nbsp; FALCIANO. Le elezioni amministrative sono ormai alle porte e, la diffusione di programmi, idee ed obiettivi, si<\/p>\n","protected":false},"author":2,"featured_media":13327,"comment_status":"closed","ping_status":"closed","sticky":false,"template":"","format":"standard","meta":{"sfsi_plus_gutenberg_text_before_share":"","sfsi_plus_gutenberg_show_text_before_share":"","sfsi_plus_gutenberg_icon_type":"","sfsi_plus_gutenberg_icon_alignemt":"","sfsi_plus_gutenburg_max_per_row":"","footnotes":""},"categories":[4,9],"tags":[],"class_list":["post-13326","post","type-post","status-publish","format-standard","has-post-thumbnail","hentry","category-falciano","category-politica"],"_links":{"self":[{"href":"https:\/\/www.thereportzone.it\/index.php?rest_route=\/wp\/v2\/posts\/13326"}],"collection":[{"href":"https:\/\/www.thereportzone.it\/index.php?rest_route=\/wp\/v2\/posts"}],"about":[{"href":"https:\/\/www.thereportzone.it\/index.php?rest_route=\/wp\/v2\/types\/post"}],"author":[{"embeddable":true,"href":"https:\/\/www.thereportzone.it\/index.php?rest_route=\/wp\/v2\/users\/2"}],"replies":[{"embeddable":true,"href":"https:\/\/www.thereportzone.it\/index.php?rest_route=%2Fwp%2Fv2%2Fcomments&post=13326"}],"version-history":[{"count":0,"href":"https:\/\/www.thereportzone.it\/index.php?rest_route=\/wp\/v2\/posts\/13326\/revisions"}],"wp:featuredmedia":[{"embeddable":true,"href":"https:\/\/www.thereportzone.it\/index.php?rest_route=\/"}],"wp:attachment":[{"href":"https:\/\/www.thereportzone.it\/index.php?rest_route=%2Fwp%2Fv2%2Fmedia&parent=13326"}],"wp:term":[{"taxonomy":"category","embeddable":true,"href":"https:\/\/www.thereportzone.it\/index.php?rest_route=%2Fwp%2Fv2%2Fcategories&post=13326"},{"taxonomy":"post_tag","embeddable":true,"href":"https:\/\/www.thereportzone.it\/index.php?rest_route=%2Fwp%2Fv2%2Ftags&post=13326"}],"curies":[{"name":"wp","href":"https:\/\/api.w.org\/{rel}","templated":true}]}}