{"id":13236,"date":"2017-01-08T13:27:52","date_gmt":"2017-01-08T12:27:52","guid":{"rendered":"http:\/\/www.thereportzone.it\/?p=13236"},"modified":"2017-01-08T13:27:52","modified_gmt":"2017-01-08T12:27:52","slug":"falciano-primarie-cerrito-blinda-lunita-del-centrosinistra","status":"publish","type":"post","link":"https:\/\/www.thereportzone.it\/?p=13236","title":{"rendered":"FALCIANO &#8211; Primarie, Cerrito blinda l&#8217;unit\u00e0 del Centrosinistra"},"content":{"rendered":"<p>&nbsp;<br \/>\n&nbsp;<br \/>\n<strong>FALCIANO<\/strong>. Le imminenti Primarie a Falciano del Massico stanno &#8220;smuovendo&#8221;\u00a0la politica locale e si inizia a pensare al futuro prossimo, con il rinnovo del parlamentino comunale.A tal proposito risulta gi\u00e0 chiara la posizione di alcuni esponenti politici. Tra tutte risulta estremamente chiara quella dell&#8217;Avvocato <strong><em>Carlo Cerrito<\/em><\/strong>, \u00a0consigliere giuridico dell&#8217;europarlamentare Nicola Caputo, Presidente Nazionale dell&#8217;Associazione i-DEM, Componente della Direzione Provinciale del PD Caserta e avvocato giuslavorista della Cisl Caserta.<br \/>\nC&#8217;\u00e8 da dire che alcuni mesi fa, noi stessi contattammo Cerrito per capire la sua posizione e l&#8217;avvocato aveva sempre allontanato ogni probabilit\u00e0 di scendere in campo per le amministrative nel comune di Falciano del Massico. E&#8217; chiaro che i suoi numerosi impegni politici lo costringono spesso a stare lontano da Falciano e questo, a nostro avviso, potrebbe rappresentare gi\u00e0 un motivo valido per non scendere in campo e proporsi come candidato sindaco.<br \/>\nTuttavia, al di l\u00e0 delle nostre impressioni, pochi minuti fa, Cerrito ha voluto specificare le sue volont\u00e0 in un chiaro post su facebook. Una maniera per fornire risposte a chi lo vorrebbe candidato sindaco, o a chi, evidentemente, cerca ancora di giocare sul suo nome, &#8220;proponendolo&#8221; come possibile candidato. Ecco qui di seguito il post:<br \/>\n<em>Intanto a Falciano del Massico:<\/em><br \/>\n<em>in primavera voteremo per il rinnovo del Consiglio Comunale e qualche compaesano aggiungerebbe: finalmente una buona notizia! <\/em><br \/>\n<em>Scherzi a parte, l&#8217;attuale amministrazione, diciamocelo, non lascer\u00e0 un buon ricordo di s\u00e9; questo \u00e8 un dato certo, non politico, tanto \u00e8 stato detto in tal senso, anche da taluni suoi sostenitori, e a questo punto lascerei il giudizio alle urne. <\/em><br \/>\n<em>Ci tengo, per\u00f2, a lasciare una riflessione a fb che necessita di qualche<span class=\"text_exposed_show\"> parola in pi\u00f9: il centrosinistra, dal canto suo, sta offrendo a tutti un&#8217;opportunit\u00e0 attraverso lo strumento delle Primarie e in queste ore \u00e8 a lavoro per mettere sul tavolo la sua migliore candidatura, facciamone tesoro! Ma, al di l\u00e0 dei confini tradizionali interni ai partiti di centrosinistra, sottoscrivendo la carta dei valori, chiunque abbia una proposta credibile per Falciano potr\u00e0 mettersi in gioco con le Primarie. In altre parole, quel che si prospetta \u00e8 una scommessa in cui, comunque vada, al centro ci sar\u00e0 un&#8217;idea per Falciano e il futuro della sua comunit\u00e0.<br \/>\n<\/span><\/em><br \/>\n<em><span class=\"text_exposed_show\">In questi anni il centrosinistra ha costruito le premesse per governare i futuri processi amministrativi e meritarsi oggi fiducia e consenso. L\u00ec dove c&#8217;erano divisioni ora ci sono convergenze, ci\u00f2 \u00e8 al tempo stesso una rassicurazione per gli elettori ed un monito per le spinte individualiste.<br \/>\n<\/span><\/em><br \/>\n<em><span class=\"text_exposed_show\">Le ambizioni personali &#8211; chi non ne ha o potrebbe averne- sono sempre legittime, ma la Politica deve per forza di cose ispirarsi al senso comune, nutrirsi di visioni per la realt\u00e0, sintesi e aggregazione. Contribuire a sostenere gli sforzi sino ad oggi profusi per il bene del nostro paese, anche per tramite di un centrosinistra unito, \u00e8 un impegno morale dal quale nessuno che abbia una sensibilit\u00e0 politica dovrebbe sottrarsi, nella certezza che le cose da farsi sono tante, le possibilit\u00e0 molteplici e che, quindi, creare ponti fa bene a tutti.<br \/>\nDal canto mio, resto dell&#8217;idea che c&#8217;\u00e8 un tempo per ogni cosa e che in &#8220;Politica, come nella vita, la vitalit\u00e0 la si conquista momento per momento&#8221;, ed esorto la cittadinanza a rendersi protagonista del nuovo corso e sostenere senza pregiudizi il progetto di rinnovamento del centrosinistra&#8221;.<br \/>\n<\/span><\/em><\/p>\n","protected":false},"excerpt":{"rendered":"<p>&nbsp; &nbsp; FALCIANO. Le imminenti Primarie a Falciano del Massico stanno &#8220;smuovendo&#8221;\u00a0la politica locale e si inizia a<\/p>\n","protected":false},"author":2,"featured_media":11088,"comment_status":"closed","ping_status":"closed","sticky":false,"template":"","format":"standard","meta":{"sfsi_plus_gutenberg_text_before_share":"","sfsi_plus_gutenberg_show_text_before_share":"","sfsi_plus_gutenberg_icon_type":"","sfsi_plus_gutenberg_icon_alignemt":"","sfsi_plus_gutenburg_max_per_row":"","footnotes":""},"categories":[4,9],"tags":[],"class_list":["post-13236","post","type-post","status-publish","format-standard","has-post-thumbnail","hentry","category-falciano","category-politica"],"_links":{"self":[{"href":"https:\/\/www.thereportzone.it\/index.php?rest_route=\/wp\/v2\/posts\/13236"}],"collection":[{"href":"https:\/\/www.thereportzone.it\/index.php?rest_route=\/wp\/v2\/posts"}],"about":[{"href":"https:\/\/www.thereportzone.it\/index.php?rest_route=\/wp\/v2\/types\/post"}],"author":[{"embeddable":true,"href":"https:\/\/www.thereportzone.it\/index.php?rest_route=\/wp\/v2\/users\/2"}],"replies":[{"embeddable":true,"href":"https:\/\/www.thereportzone.it\/index.php?rest_route=%2Fwp%2Fv2%2Fcomments&post=13236"}],"version-history":[{"count":0,"href":"https:\/\/www.thereportzone.it\/index.php?rest_route=\/wp\/v2\/posts\/13236\/revisions"}],"wp:featuredmedia":[{"embeddable":true,"href":"https:\/\/www.thereportzone.it\/index.php?rest_route=\/"}],"wp:attachment":[{"href":"https:\/\/www.thereportzone.it\/index.php?rest_route=%2Fwp%2Fv2%2Fmedia&parent=13236"}],"wp:term":[{"taxonomy":"category","embeddable":true,"href":"https:\/\/www.thereportzone.it\/index.php?rest_route=%2Fwp%2Fv2%2Fcategories&post=13236"},{"taxonomy":"post_tag","embeddable":true,"href":"https:\/\/www.thereportzone.it\/index.php?rest_route=%2Fwp%2Fv2%2Ftags&post=13236"}],"curies":[{"name":"wp","href":"https:\/\/api.w.org\/{rel}","templated":true}]}}