{"id":13094,"date":"2016-12-20T14:52:47","date_gmt":"2016-12-20T13:52:47","guid":{"rendered":"http:\/\/www.thereportzone.it\/?p=13094"},"modified":"2016-12-20T14:52:47","modified_gmt":"2016-12-20T13:52:47","slug":"falciano-il-pd-coeso-per-le-amministrative-2017","status":"publish","type":"post","link":"https:\/\/www.thereportzone.it\/?p=13094","title":{"rendered":"FALCIANO &#8211; Il PD coeso per le amministrative 2017"},"content":{"rendered":"<p>&nbsp;<br \/>\n<strong>FALCIANO DEL MASSICO<\/strong>. \u00a0&#8220;Il Pd di Falciano del Massico unito e coeso per le amministrative 2017&#8221; \u00e8 quanto emerso Luned\u00ec sera nella riunione della sezione locale alla quale hanno partecipato i massimi esponenti.<br \/>\nOltre al segretario Erasmo Fava e al capogruppo Corrado Freddino, erano presenti Carlo Cerrito, Giuseppe Toscano, Daniele Di Gregorio ed Angelo Petrarca. Assenti giustificati anche tanti altri esponenti del circolo.<br \/>\nDopo aver ribadito la necessit\u00e0 di continuare con il percorso delle primarie per costruire l&#8217;alternativa alla deludente amministrazione Gabbiano, all&#8217;unanimit\u00e0 \u00e8 stata confermata la volont\u00e0 di partecipare alla competizione elettorale con almeno quattro candidature al consiglio comunale tra le pi\u00f9 autorevoli che il partito possa esprimere, a prescindere da chi sar\u00e0 il candidato sindaco.<br \/>\nLa riunione \u00e8 terminata con l&#8217;analisi del lavoro svolto dai consiglieri comunali in merito alle recenti assunzioni comunali. Ribadito il sostegno pieno e la condivisione rispetto alla battaglia intrapresa.<\/p>\n","protected":false},"excerpt":{"rendered":"<p>&nbsp; FALCIANO DEL MASSICO. \u00a0&#8220;Il Pd di Falciano del Massico unito e coeso per le amministrative 2017&#8221; \u00e8<\/p>\n","protected":false},"author":2,"featured_media":2999,"comment_status":"closed","ping_status":"closed","sticky":false,"template":"","format":"standard","meta":{"sfsi_plus_gutenberg_text_before_share":"","sfsi_plus_gutenberg_show_text_before_share":"","sfsi_plus_gutenberg_icon_type":"","sfsi_plus_gutenberg_icon_alignemt":"","sfsi_plus_gutenburg_max_per_row":"","footnotes":""},"categories":[4,9],"tags":[],"class_list":["post-13094","post","type-post","status-publish","format-standard","has-post-thumbnail","hentry","category-falciano","category-politica"],"_links":{"self":[{"href":"https:\/\/www.thereportzone.it\/index.php?rest_route=\/wp\/v2\/posts\/13094"}],"collection":[{"href":"https:\/\/www.thereportzone.it\/index.php?rest_route=\/wp\/v2\/posts"}],"about":[{"href":"https:\/\/www.thereportzone.it\/index.php?rest_route=\/wp\/v2\/types\/post"}],"author":[{"embeddable":true,"href":"https:\/\/www.thereportzone.it\/index.php?rest_route=\/wp\/v2\/users\/2"}],"replies":[{"embeddable":true,"href":"https:\/\/www.thereportzone.it\/index.php?rest_route=%2Fwp%2Fv2%2Fcomments&post=13094"}],"version-history":[{"count":0,"href":"https:\/\/www.thereportzone.it\/index.php?rest_route=\/wp\/v2\/posts\/13094\/revisions"}],"wp:featuredmedia":[{"embeddable":true,"href":"https:\/\/www.thereportzone.it\/index.php?rest_route=\/"}],"wp:attachment":[{"href":"https:\/\/www.thereportzone.it\/index.php?rest_route=%2Fwp%2Fv2%2Fmedia&parent=13094"}],"wp:term":[{"taxonomy":"category","embeddable":true,"href":"https:\/\/www.thereportzone.it\/index.php?rest_route=%2Fwp%2Fv2%2Fcategories&post=13094"},{"taxonomy":"post_tag","embeddable":true,"href":"https:\/\/www.thereportzone.it\/index.php?rest_route=%2Fwp%2Fv2%2Ftags&post=13094"}],"curies":[{"name":"wp","href":"https:\/\/api.w.org\/{rel}","templated":true}]}}