{"id":13048,"date":"2016-12-14T15:47:01","date_gmt":"2016-12-14T14:47:01","guid":{"rendered":"http:\/\/www.thereportzone.it\/?p=13048"},"modified":"2016-12-14T15:47:01","modified_gmt":"2016-12-14T14:47:01","slug":"falciano-malcontenti-e-disappunti-i-gruppi-politici-si-sgretolano","status":"publish","type":"post","link":"https:\/\/www.thereportzone.it\/?p=13048","title":{"rendered":"FALCIANO &#8211; Malcontenti e disappunti: i gruppi politici si &#8220;sgretolano&#8221;"},"content":{"rendered":"<p>&nbsp;<br \/>\n<strong>FALCIANO DEL MASSICO<\/strong>.\u00a0Questi\u00a0ultimi giorni, nella compagine politica di Falciano, si sono verificate forti turbolenze e anche alcune &#8220;frizioni&#8221; tra i vari schieramenti politici, ma non solo. Senza entrare nel merito della vicenda del concorso, non possiamo esimerci, tuttavia, dal riportare alcuni commenti ed alcuni malcontenti che si sono verificati proprio in quel di Falciano.<br \/>\nRibadendo la nostra\u00a0NON\u00a0volont\u00e0 di entrare nel merito del concorso, ci accingeremo, nelle prossime righe, a riportare soltanto una mera analisi dei fatti, che possa essere condivisa o meno. Con l&#8217;avvento del concorso svoltosi lo scorso 12 dicembre 2016, crediamo che alcune dinamiche politiche si siano rotte. Se da un lato, l&#8217;Opposizione ha fatto il\u00a0proprio\u00a0lavoro, presentando anche un esposto, e molti altri elettori ed esponenti della medesima corrente politica hanno manifestato disappunto, anche sui social network, crediamo che anche la Maggioranza, in qualche modo, abbia perso qualche pezzo per strada.<br \/>\nSono molti gli &#8220;appartenenti&#8221; al gruppo di maggioranza (ormai a fine mandato) a provare disappunto per le operazioni svolte, in questi 5 anni, dagli amministratori in carica. E&#8217; come se in quel compatto gruppo di Destra, che a Falciano ha raggiunto sicuramente l&#8217;apice con l&#8217;amministrazione Carlo Zannini (onore al merito),\u00a0si fosse\u00a0inceppato\u00a0qualcosa. Sempre rimanendo fuori e lontani alla vicenda del concorso dello scorso luned\u00ec, abbiamo raccolto la &#8220;disaffezione&#8221; di qualche consigliere in carica.<br \/>\nNon \u00e8 il concorso in s\u00e9 ad aver suscitato ulteriori malcontenti, ma \u00e8 come se quest\u2019ultima vicenda, nel suo insieme, avesse definitivamente &#8220;stancato&#8221; chi per 5 anni ha creduto in un cambiamento e che, essendo stato parte della maggioranza, credeva, appunto, di poterlo attuare.<br \/>\nIl Consigliere in carica\u00a0<em><strong>Salvatore Sorvillo<\/strong><\/em><strong><em>\u00a0<\/em><\/strong><em>(gi\u00e0 Assessore)<\/em>\u00a0ad esempio, \u00e8 uno dei tanti a non aver condiviso quanto, in questi 5 anni, si \u00e8 fatto, pensando a quanto, invece, si sarebbe potuto fare.<br \/>\n&#8220;<em>Sono sempre stato abituato a seguire con onore i compiti da svolgere, \u00a0ma quando vedo che per alcuni \u00e8 difficile mantenere le promesse fatte al popolo, dai balconi, prima di essere stati eletti, credo sia opportuno fare un passo indietro. Credo che la mia esperienza da consigliere possa essere valutata in maniera positiva. Nessuno mai ha potuto ridire sul mio operato. Non condivido, tuttavia, alcune scelte prese in questi anni e credo che non scender\u00f2 pi\u00f9 in politica ne con l&#8217;attuale gruppo ne con altri schieramenti politici&#8221;.<\/em><em>\u00a0<\/em><br \/>\nLe dichiarazioni del consigliere Sorvillo, ci teniamo a precisarlo, non sono legate alla vicenda politica che si \u00e8 scatenata intorno alla questione del concorso, bens\u00ec rappresenta un&#8217;analisi soggettiva di quello che la maggioranza, in questi 5 anni, \u00e8 stata capace di fare.<br \/>\nSappiamo per certo, poi, che ci sono molti altri personaggi politici del Centro Destra, di un certo spessore, a non condividere l&#8217;operato quinquennale della maggioranza. In conclusione, crediamo che in vista delle prossime amministrative ci sia la sincera probabilit\u00e0 che si finisca con 4 liste elettorali (una politica ed una civica da un lato, idem dall&#8217;altro). Pertanto, alla luce del fatto che nel Centro Sinistra, forse, una lista civica \u00e8 sempre stata fortemente ipotizzata, a perdere pezzi, in questi giorni, \u00e8 la &#8220;compattezza&#8221; di quel gruppo di Centro Destra che sembra sempre pi\u00f9 sgretolarsi.\u00a0La vera novit\u00e0, forse, \u00e8 proprio un\u2019ipotetica lista civica di destra.<br \/>\n&nbsp;<\/p>\n","protected":false},"excerpt":{"rendered":"<p>&nbsp; FALCIANO DEL MASSICO.\u00a0Questi\u00a0ultimi giorni, nella compagine politica di Falciano, si sono verificate forti turbolenze e anche alcune<\/p>\n","protected":false},"author":2,"featured_media":2999,"comment_status":"closed","ping_status":"closed","sticky":false,"template":"","format":"standard","meta":{"sfsi_plus_gutenberg_text_before_share":"","sfsi_plus_gutenberg_show_text_before_share":"","sfsi_plus_gutenberg_icon_type":"","sfsi_plus_gutenberg_icon_alignemt":"","sfsi_plus_gutenburg_max_per_row":"","footnotes":""},"categories":[4,9],"tags":[],"class_list":["post-13048","post","type-post","status-publish","format-standard","has-post-thumbnail","hentry","category-falciano","category-politica"],"_links":{"self":[{"href":"https:\/\/www.thereportzone.it\/index.php?rest_route=\/wp\/v2\/posts\/13048"}],"collection":[{"href":"https:\/\/www.thereportzone.it\/index.php?rest_route=\/wp\/v2\/posts"}],"about":[{"href":"https:\/\/www.thereportzone.it\/index.php?rest_route=\/wp\/v2\/types\/post"}],"author":[{"embeddable":true,"href":"https:\/\/www.thereportzone.it\/index.php?rest_route=\/wp\/v2\/users\/2"}],"replies":[{"embeddable":true,"href":"https:\/\/www.thereportzone.it\/index.php?rest_route=%2Fwp%2Fv2%2Fcomments&post=13048"}],"version-history":[{"count":0,"href":"https:\/\/www.thereportzone.it\/index.php?rest_route=\/wp\/v2\/posts\/13048\/revisions"}],"wp:featuredmedia":[{"embeddable":true,"href":"https:\/\/www.thereportzone.it\/index.php?rest_route=\/"}],"wp:attachment":[{"href":"https:\/\/www.thereportzone.it\/index.php?rest_route=%2Fwp%2Fv2%2Fmedia&parent=13048"}],"wp:term":[{"taxonomy":"category","embeddable":true,"href":"https:\/\/www.thereportzone.it\/index.php?rest_route=%2Fwp%2Fv2%2Fcategories&post=13048"},{"taxonomy":"post_tag","embeddable":true,"href":"https:\/\/www.thereportzone.it\/index.php?rest_route=%2Fwp%2Fv2%2Ftags&post=13048"}],"curies":[{"name":"wp","href":"https:\/\/api.w.org\/{rel}","templated":true}]}}