{"id":13043,"date":"2016-12-14T01:07:18","date_gmt":"2016-12-14T00:07:18","guid":{"rendered":"http:\/\/www.thereportzone.it\/?p=13043"},"modified":"2016-12-14T01:07:18","modified_gmt":"2016-12-14T00:07:18","slug":"esclusiva-carinola-dopo-il-grande-successo-per-il-corteo-storico-lassessore-di-maio-ringrazia","status":"publish","type":"post","link":"https:\/\/www.thereportzone.it\/?p=13043","title":{"rendered":"ESCLUSIVA CARINOLA &#8211; Dopo il grande successo per il Corteo storico l&#8217;Assessore Di Maio ringrazia"},"content":{"rendered":"<p>&nbsp;<br \/>\n<strong>CARINOLA<\/strong>.\u00a0Il successo indiscusso ed acclamato del corteo storico organizzato dalla Pro loco domenica scorsa, rappresentata dal Presidente Antonio Torrico, merita un ringraziamento da parte mia come cittadina carinolese e Assessore alla Cultura e alla Pro Loco.<br \/>\nSuccesso che \u00e8 costato sacrifici e duro lavoro da parte di tutti i componenti. Non si dimentichino le avversit\u00e0 a cui la Pro Loco \u00e8 stata sottoposta nel percorso del suo cammino.<br \/>\nMa la tenacia dei membri, la loro unione, il desiderio di valorizzare la cultura, i prodotti e le bellezze architettoniche del territorio, hanno vinto su ogni difficolt\u00e0.<br \/>\nCarinola \u00e8 stata riportata al suo splendore ed alle sue origini, con rivisitazioni storiche e culturali che non sempre sono conosciute dai nostri giovani concittadini.<br \/>\nSarebbe a tal fine auspicabile che il video del corteo possa essere utilizzato dalle nostre scuole, per far conoscere la nostra storia.<br \/>\nIl cuore e lo spirito si sono inorgogliti nel vedere il nostro Palazzo storico completamente illuminato e abbellito degli stemmi dell&#8217;epoca, riportato ai lustri delle famiglie e dei personaggi storici, curati da costumi di encomiabile bellezza che ci hanno fatto rivivere , senza interruzione di tempo, l&#8217;11 dicembre di secoli fa.<br \/>\nIl tutto abbinato ai prodotti della nostra terra ed alla degustazione di piatti dell&#8217;epoca ed alla esposizione contemporanea dei nostri artigiani e commercianti.<br \/>\nIl popolo carinolese era felice ma soprattutto orgoglioso della propria identit\u00e0.<br \/>\nSono stata onorata di partecipare in prima persona. Tale scelta \u00e8 stata dettata dalla vicinanza personale ed istituzionale alla Pro loco ed a tutti gli eventi culturali.<br \/>\nC&#8217;era bisogno dell&#8217;avvio e dell&#8217;incoraggiamento. Ma l&#8217;augurio \u00e8 che il corteo possa essere ripetuto ogni anno, con la partecipazione numerosa di tante altre persone che amano questo territorio, come \u00e8 stato gi\u00e0 dimostrato da tutti i personaggi storici che hanno sfilato con grande entusiasmo ed emozione e con i quali si \u00e8 creato grande spirito di squadra e di armonia.<br \/>\nEd ora tocca agli Amici della Biblioteca con Contesti.<\/p>\n<p style=\"text-align: right;\">Un ringraziamento va ai ragazzi della Biblioteca e a tutte le associazioni che si prodigano per la diffusione della cultura nel territorio, quella cultura che rende l&#8217;uomo libero, fiero ed orgoglioso.<br \/>\nQuella cultura e quella valorizzazione del territorio che permette di ricordare e di dire che Carinola \u00e8 un paese agricolo ma \u00e8 anche citt\u00e0 d&#8217;arte e di cultura.<\/p>\n<p style=\"text-align: right;\"><em><strong>Assessore alla cultura e alla Pro loco <\/strong><\/em><br \/>\n<em><strong> Avv. Rosa Di Maio<\/strong><\/em><\/p>\n","protected":false},"excerpt":{"rendered":"<p>&nbsp; CARINOLA.\u00a0Il successo indiscusso ed acclamato del corteo storico organizzato dalla Pro loco domenica scorsa, rappresentata dal Presidente<\/p>\n","protected":false},"author":2,"featured_media":7903,"comment_status":"closed","ping_status":"closed","sticky":false,"template":"","format":"standard","meta":{"sfsi_plus_gutenberg_text_before_share":"","sfsi_plus_gutenberg_show_text_before_share":"","sfsi_plus_gutenberg_icon_type":"","sfsi_plus_gutenberg_icon_alignemt":"","sfsi_plus_gutenburg_max_per_row":"","footnotes":""},"categories":[2973,10,9],"tags":[],"class_list":["post-13043","post","type-post","status-publish","format-standard","has-post-thumbnail","hentry","category-carinola","category-cultura","category-politica"],"_links":{"self":[{"href":"https:\/\/www.thereportzone.it\/index.php?rest_route=\/wp\/v2\/posts\/13043"}],"collection":[{"href":"https:\/\/www.thereportzone.it\/index.php?rest_route=\/wp\/v2\/posts"}],"about":[{"href":"https:\/\/www.thereportzone.it\/index.php?rest_route=\/wp\/v2\/types\/post"}],"author":[{"embeddable":true,"href":"https:\/\/www.thereportzone.it\/index.php?rest_route=\/wp\/v2\/users\/2"}],"replies":[{"embeddable":true,"href":"https:\/\/www.thereportzone.it\/index.php?rest_route=%2Fwp%2Fv2%2Fcomments&post=13043"}],"version-history":[{"count":0,"href":"https:\/\/www.thereportzone.it\/index.php?rest_route=\/wp\/v2\/posts\/13043\/revisions"}],"wp:featuredmedia":[{"embeddable":true,"href":"https:\/\/www.thereportzone.it\/index.php?rest_route=\/"}],"wp:attachment":[{"href":"https:\/\/www.thereportzone.it\/index.php?rest_route=%2Fwp%2Fv2%2Fmedia&parent=13043"}],"wp:term":[{"taxonomy":"category","embeddable":true,"href":"https:\/\/www.thereportzone.it\/index.php?rest_route=%2Fwp%2Fv2%2Fcategories&post=13043"},{"taxonomy":"post_tag","embeddable":true,"href":"https:\/\/www.thereportzone.it\/index.php?rest_route=%2Fwp%2Fv2%2Ftags&post=13043"}],"curies":[{"name":"wp","href":"https:\/\/api.w.org\/{rel}","templated":true}]}}