{"id":1294,"date":"2015-09-03T17:52:10","date_gmt":"2015-09-03T15:52:10","guid":{"rendered":"http:\/\/thereportzone.com\/?p=1294"},"modified":"2015-09-03T17:52:10","modified_gmt":"2015-09-03T15:52:10","slug":"aggredito-capotreno-il-secondo-in-dieci-giorni-un-uomo-in-manette","status":"publish","type":"post","link":"https:\/\/www.thereportzone.it\/?p=1294","title":{"rendered":"Aggredito capotreno, il secondo in dieci giorni: un uomo in manette"},"content":{"rendered":"<p><a href=\"https:\/\/thereportzone.files.wordpress.com\/2015\/08\/codeacilia-k0hg-u430503689475322gh-593x443corriere-web-roma.jpg\"><img fetchpriority=\"high\" decoding=\"async\" class=\"aligncenter wp-image-1044 size-full\" src=\"https:\/\/thereportzone.files.wordpress.com\/2015\/08\/codeacilia-k0hg-u430503689475322gh-593x443corriere-web-roma.jpg\" alt=\"codeACILIA-k0hG-U430503689475322gH-593x443@Corriere-Web-Roma\" width=\"593\" height=\"443\" \/><\/a><br \/>\n<strong>03 Settembre 2015 &#8211; Mignano Monte Lungo.<\/strong> Torna l&#8217;incubo delle aggressioni ai danni dei ferrovieri FS. Dopo il triste ed incivile fatto di cronaca di poco pi\u00f9 di una settimana fa, a Casoria, dove un capotreno \u00e8 stato aggredito da una &#8220;baby-gang&#8221;, ieri, a Mignano Monte Lungo, un altro capotreno \u00e8 stato picchiato. Subito \u00e8 scattato l&#8217;allarme. Ormai c&#8217;\u00e8 bisogno di misure di sicurezza ingrandite sulle varie tratte e sulle varie stazioni del territorio provinciale. Nei pressi della Stazione di Mignano M.L. in pochi minuti sono arrivati gli agenti della Polfer che ha arrestato l&#8217;aggressore. A quanto pare sar\u00e0 trasportato in carcere per scontare la pena di alcuni mesi.<\/p>\n","protected":false},"excerpt":{"rendered":"<p>03 Settembre 2015 &#8211; Mignano Monte Lungo. Torna l&#8217;incubo delle aggressioni ai danni dei ferrovieri FS. Dopo il<\/p>\n","protected":false},"author":2,"featured_media":1044,"comment_status":"open","ping_status":"open","sticky":false,"template":"","format":"standard","meta":{"sfsi_plus_gutenberg_text_before_share":"","sfsi_plus_gutenberg_show_text_before_share":"","sfsi_plus_gutenberg_icon_type":"","sfsi_plus_gutenberg_icon_alignemt":"","sfsi_plus_gutenburg_max_per_row":"","footnotes":""},"categories":[8],"tags":[63,15,32,88,38,51,89,347,203,17,158,19,415,23,166,58,416,153,417],"class_list":["post-1294","post","type-post","status-publish","format-standard","has-post-thumbnail","hentry","category-cronaca","tag-63","tag-15","tag-acqua","tag-aggressione","tag-agosto","tag-allarme","tag-arresto","tag-capotreno","tag-carcere","tag-caserta","tag-controlli","tag-cronaca","tag-ferrovie","tag-giornalismo","tag-manette","tag-napoli","tag-polfer","tag-provincia","tag-setembre"],"_links":{"self":[{"href":"https:\/\/www.thereportzone.it\/index.php?rest_route=\/wp\/v2\/posts\/1294"}],"collection":[{"href":"https:\/\/www.thereportzone.it\/index.php?rest_route=\/wp\/v2\/posts"}],"about":[{"href":"https:\/\/www.thereportzone.it\/index.php?rest_route=\/wp\/v2\/types\/post"}],"author":[{"embeddable":true,"href":"https:\/\/www.thereportzone.it\/index.php?rest_route=\/wp\/v2\/users\/2"}],"replies":[{"embeddable":true,"href":"https:\/\/www.thereportzone.it\/index.php?rest_route=%2Fwp%2Fv2%2Fcomments&post=1294"}],"version-history":[{"count":0,"href":"https:\/\/www.thereportzone.it\/index.php?rest_route=\/wp\/v2\/posts\/1294\/revisions"}],"wp:featuredmedia":[{"embeddable":true,"href":"https:\/\/www.thereportzone.it\/index.php?rest_route=\/"}],"wp:attachment":[{"href":"https:\/\/www.thereportzone.it\/index.php?rest_route=%2Fwp%2Fv2%2Fmedia&parent=1294"}],"wp:term":[{"taxonomy":"category","embeddable":true,"href":"https:\/\/www.thereportzone.it\/index.php?rest_route=%2Fwp%2Fv2%2Fcategories&post=1294"},{"taxonomy":"post_tag","embeddable":true,"href":"https:\/\/www.thereportzone.it\/index.php?rest_route=%2Fwp%2Fv2%2Ftags&post=1294"}],"curies":[{"name":"wp","href":"https:\/\/api.w.org\/{rel}","templated":true}]}}