{"id":12702,"date":"2016-10-27T19:21:04","date_gmt":"2016-10-27T17:21:04","guid":{"rendered":"http:\/\/www.thereportzone.it\/?p=12702"},"modified":"2016-10-27T19:21:04","modified_gmt":"2016-10-27T17:21:04","slug":"falciano-del-massico-aperta-la-villa-comunale-foto","status":"publish","type":"post","link":"https:\/\/www.thereportzone.it\/?p=12702","title":{"rendered":"FALCIANO DEL MASSICO &#8211; Aperta la Villa Comunale &#8211; FOTO"},"content":{"rendered":"<p>&nbsp;<br \/>\n<strong>FALCIANO DEL MASSICO.<\/strong> E&#8217; stata riaperta ieri la villa comunale di Falciano del Massico. Dopo gli ultimi ritocchi lo spazio verde \u00e8 stato riaperto al pubblico. In molti ieri hanno visitato l&#8217;area e, in serata, nonostante il maltempo, sono stati diversi i cittadini che si sono recati a guardare le novit\u00e0 apportate con i lavori conclusi.<br \/>\nUno spazio adibito ad &#8220;anfiteatro&#8221;, nuovi giochi per i bambini, la vecchia piscina sostituita con due piccole piscine con giochi d&#8217;acqua, luci a led a delineare i viottoli ed i percorsi. Insomma, la maggior parte dei cittadini sembra aver apprezzato.<br \/>\nIn realt\u00e0, la villa comunale, soprattutto di sera, con le luci accese, regala uno spettacolo suggestivo. C&#8217;\u00e8 da dire, per\u00f2, che sono altrettanti i cittadini che, invece, non hanno apprezzato i lavori e preferivano la villa comunale cos\u00ec com&#8217;era. Noi ci siamo limitati a raccogliere alcune fotografie e a lasciar giudicare a voi.<br \/>\n<img fetchpriority=\"high\" decoding=\"async\" class=\"aligncenter wp-image-12703 size-full\" src=\"http:\/\/www.thereportzone.it\/wp-content\/uploads\/2016\/10\/14872439_10210248843394257_1408561535_n.jpg\" alt=\"14872439_10210248843394257_1408561535_n\" width=\"720\" height=\"405\" \/><br \/>\n&nbsp;<br \/>\n&nbsp;<br \/>\n<img decoding=\"async\" class=\"aligncenter wp-image-12704 size-full\" src=\"http:\/\/www.thereportzone.it\/wp-content\/uploads\/2016\/10\/14872575_10210248843354256_2068921321_n.jpg\" alt=\"14872575_10210248843354256_2068921321_n\" width=\"720\" height=\"405\" \/><br \/>\n&nbsp;<br \/>\n<img decoding=\"async\" class=\"aligncenter wp-image-10687 size-full\" src=\"http:\/\/www.thereportzone.it\/wp-content\/uploads\/2016\/06\/villa-comunale.jpg\" alt=\"villa comunale\" width=\"953\" height=\"663\" \/><br \/>\n&nbsp;<\/p>\n","protected":false},"excerpt":{"rendered":"<p>&nbsp; FALCIANO DEL MASSICO. E&#8217; stata riaperta ieri la villa comunale di Falciano del Massico. Dopo gli ultimi<\/p>\n","protected":false},"author":2,"featured_media":10687,"comment_status":"closed","ping_status":"closed","sticky":false,"template":"","format":"standard","meta":{"sfsi_plus_gutenberg_text_before_share":"","sfsi_plus_gutenberg_show_text_before_share":"","sfsi_plus_gutenberg_icon_type":"","sfsi_plus_gutenberg_icon_alignemt":"","sfsi_plus_gutenburg_max_per_row":"","footnotes":""},"categories":[4],"tags":[],"class_list":["post-12702","post","type-post","status-publish","format-standard","has-post-thumbnail","hentry","category-falciano"],"_links":{"self":[{"href":"https:\/\/www.thereportzone.it\/index.php?rest_route=\/wp\/v2\/posts\/12702"}],"collection":[{"href":"https:\/\/www.thereportzone.it\/index.php?rest_route=\/wp\/v2\/posts"}],"about":[{"href":"https:\/\/www.thereportzone.it\/index.php?rest_route=\/wp\/v2\/types\/post"}],"author":[{"embeddable":true,"href":"https:\/\/www.thereportzone.it\/index.php?rest_route=\/wp\/v2\/users\/2"}],"replies":[{"embeddable":true,"href":"https:\/\/www.thereportzone.it\/index.php?rest_route=%2Fwp%2Fv2%2Fcomments&post=12702"}],"version-history":[{"count":0,"href":"https:\/\/www.thereportzone.it\/index.php?rest_route=\/wp\/v2\/posts\/12702\/revisions"}],"wp:featuredmedia":[{"embeddable":true,"href":"https:\/\/www.thereportzone.it\/index.php?rest_route=\/"}],"wp:attachment":[{"href":"https:\/\/www.thereportzone.it\/index.php?rest_route=%2Fwp%2Fv2%2Fmedia&parent=12702"}],"wp:term":[{"taxonomy":"category","embeddable":true,"href":"https:\/\/www.thereportzone.it\/index.php?rest_route=%2Fwp%2Fv2%2Fcategories&post=12702"},{"taxonomy":"post_tag","embeddable":true,"href":"https:\/\/www.thereportzone.it\/index.php?rest_route=%2Fwp%2Fv2%2Ftags&post=12702"}],"curies":[{"name":"wp","href":"https:\/\/api.w.org\/{rel}","templated":true}]}}