{"id":12545,"date":"2016-10-12T21:18:10","date_gmt":"2016-10-12T19:18:10","guid":{"rendered":"http:\/\/www.thereportzone.it\/?p=12545"},"modified":"2016-10-12T21:18:10","modified_gmt":"2016-10-12T19:18:10","slug":"falciano-lavori-al-museo-civico-e-sala-convegni-chiusa-prata-e-freddino-chiedono-lumi","status":"publish","type":"post","link":"https:\/\/www.thereportzone.it\/?p=12545","title":{"rendered":"FALCIANO &#8211; Lavori al Museo Civico e Sala Convegni chiusa: Prata e Freddino chiedono lumi"},"content":{"rendered":"<p>&nbsp;<br \/>\n<strong>FALCIANO DEL MASSICO.<\/strong>\u00a0&#8220;<em>Gli spazi pubblici di aggregazione sono una risorsa per il Paese e un diritto per tutti i cittadini. Succede invece che da mesi il museo civico di Falciano e la sua sala convegni sono oggetto di lavori di riqualificazione alquanto ignoto (non si capisce chi,come e perch\u00e9). <\/em><br \/>\n<em>Di conseguenza ad ogni richiesta la sala convegni puntualmente viene negata e l&#8217;amministrazione non ha mai provveduto a trovare una temporanea alternativa. Capiamo che meno si discute e meglio \u00e8 per loro, ma di certo negare cos\u00ec spazi di libera, gratuita e pubblica aggregazione ci porta indietro di anni ed anni rispetto alla modernit\u00e0&#8221;.<strong> (Igor Prata e Corrado Freddino &#8211; Falciano Futura)<\/strong><\/em><br \/>\n<img fetchpriority=\"high\" decoding=\"async\" class=\"aligncenter wp-image-12548 size-large\" src=\"http:\/\/www.thereportzone.it\/wp-content\/uploads\/2016\/10\/14697025_10210086209648515_1106064739_n-300x400.jpg\" alt=\"14697025_10210086209648515_1106064739_n\" width=\"300\" height=\"400\" \/><br \/>\n<img decoding=\"async\" class=\"aligncenter wp-image-12547 size-large\" src=\"http:\/\/www.thereportzone.it\/wp-content\/uploads\/2016\/10\/14694704_10210086209568513_98712141_n-300x400.jpg\" alt=\"14694704_10210086209568513_98712141_n\" width=\"300\" height=\"400\" \/><\/p>\n","protected":false},"excerpt":{"rendered":"<p>&nbsp; FALCIANO DEL MASSICO.\u00a0&#8220;Gli spazi pubblici di aggregazione sono una risorsa per il Paese e un diritto per<\/p>\n","protected":false},"author":2,"featured_media":12549,"comment_status":"closed","ping_status":"closed","sticky":false,"template":"","format":"standard","meta":{"sfsi_plus_gutenberg_text_before_share":"","sfsi_plus_gutenberg_show_text_before_share":"","sfsi_plus_gutenberg_icon_type":"","sfsi_plus_gutenberg_icon_alignemt":"","sfsi_plus_gutenburg_max_per_row":"","footnotes":""},"categories":[4,9],"tags":[],"class_list":["post-12545","post","type-post","status-publish","format-standard","has-post-thumbnail","hentry","category-falciano","category-politica"],"_links":{"self":[{"href":"https:\/\/www.thereportzone.it\/index.php?rest_route=\/wp\/v2\/posts\/12545"}],"collection":[{"href":"https:\/\/www.thereportzone.it\/index.php?rest_route=\/wp\/v2\/posts"}],"about":[{"href":"https:\/\/www.thereportzone.it\/index.php?rest_route=\/wp\/v2\/types\/post"}],"author":[{"embeddable":true,"href":"https:\/\/www.thereportzone.it\/index.php?rest_route=\/wp\/v2\/users\/2"}],"replies":[{"embeddable":true,"href":"https:\/\/www.thereportzone.it\/index.php?rest_route=%2Fwp%2Fv2%2Fcomments&post=12545"}],"version-history":[{"count":0,"href":"https:\/\/www.thereportzone.it\/index.php?rest_route=\/wp\/v2\/posts\/12545\/revisions"}],"wp:featuredmedia":[{"embeddable":true,"href":"https:\/\/www.thereportzone.it\/index.php?rest_route=\/"}],"wp:attachment":[{"href":"https:\/\/www.thereportzone.it\/index.php?rest_route=%2Fwp%2Fv2%2Fmedia&parent=12545"}],"wp:term":[{"taxonomy":"category","embeddable":true,"href":"https:\/\/www.thereportzone.it\/index.php?rest_route=%2Fwp%2Fv2%2Fcategories&post=12545"},{"taxonomy":"post_tag","embeddable":true,"href":"https:\/\/www.thereportzone.it\/index.php?rest_route=%2Fwp%2Fv2%2Ftags&post=12545"}],"curies":[{"name":"wp","href":"https:\/\/api.w.org\/{rel}","templated":true}]}}