{"id":12260,"date":"2016-09-27T11:57:56","date_gmt":"2016-09-27T09:57:56","guid":{"rendered":"http:\/\/www.thereportzone.it\/?p=12260"},"modified":"2016-09-27T11:57:56","modified_gmt":"2016-09-27T09:57:56","slug":"falciano-bonifacio-di-donato-riunioni-politiche-in-casa-mia-ma-di-cosa-stiamo-parlando","status":"publish","type":"post","link":"https:\/\/www.thereportzone.it\/?p=12260","title":{"rendered":"FALCIANO &#8211; Bonifacio Di Donato: &#8220;Riunioni politiche in casa mia? Ma di cosa stiamo parlando?&#8221;"},"content":{"rendered":"<p>&nbsp;<br \/>\n<strong>FALCIANO DEL MASSICO<\/strong>. E&#8217; ormai nota la vicenda che ha visto coinvolto, involontariamente, Bonifacio Antonio Di Donato che si \u00e8 visto tirato in ballo, con tanto di foto di copertina, in un articolo pubblicato lo scorso 25 settembre su un noto quotidiano cartaceo provinciale. Dopo aver acclarato la sua posizione, del tutto estranea ad una ipotizzata ricandidatura per le prossime amministrative del 2017, le sue dichiarazioni successive all&#8217;articolo in questione, hanno fatto il giro del web, sui pi\u00f9 importanti social. \u00f9<br \/>\nPrima di riportarvi le dichiarazione integrale di Bonifacio Antonio Di Donato ci teniamo a precisare che abbiamo preferito contattarlo, prima, telefonicamente prima di smentire, dopo, questa ipotesi di candidatura.<br \/>\nEcco il post pubblicato da Bonifacio Di Donato circa 18 ore fa: &#8220;<em>Sto pensando a sabato 25 u.s. quando sulla Gazzetta di Caserta \u00e8 stato pubblicato un articolo dal titolo&#8221; Primarie centro sinistra, riunione politica in casa Di Donato&#8221; senza alcuna firma dello stesore.<\/em><br \/>\n<em>Che i giornalisti ormai hanno smesso di essere tali, cio\u00e8 non si limitano a raccontare gli avvenimenti, ma usano i giornali esclusivamente ai propri fini personali, \u00e8 cosa risaputa, ma quando inventano di sana pianta riunioni mai avvenute in casa di cittadini con moralit\u00e0, anc<span class=\"text_exposed_show\">he politica, ineccepibile, meriterebbero di essere denunciati.<br \/>\nImmaginando la pochezza dell&#8217;autore di tale articolo, mi astengo dal farlo.<br \/>\n<\/span><\/em><br \/>\n<em><span class=\"text_exposed_show\">Anche perch\u00e8 ritengo che un politico non deve mai trascendere in denunce per non tradire lo spirito stesso della politica che deve essere l&#8217;interpretazione delle esigenze della collettivit\u00e0 unita all&#8217;esigenza di dare risposte.<br \/>\nDevo per\u00f2 constatare, mio magrado, che da anni ormai gli interpreti della politica hanno tradito i valori ispiratori, hanno smarrito il senso\u00a0dello stare insieme, funzione un tempo demandata ai partiti, personalizzando sempre di pi\u00f9 l&#8217;azione politica, trascurando magari\u00a0gli interessi della collettivit\u00e0.<br \/>\n<\/span><\/em><br \/>\n<em><span class=\"text_exposed_show\">Appare evidente che in questi scenari di clientelismo, la politica non trova pi\u00f9 spazio n\u00e8 per partecipare a primarie n\u00e8 per rivestire eventuali cariche amministrative.\u00a0Per quanto mi riguarda questo non vuole significare nascondersi difronte ai problemi della comunit\u00e0, anzi considerato l&#8217;importanza del referendum costituzionale sar\u00f2 impegnato nella campagna per i SI&#8221;.<\/span><\/em><\/p>\n","protected":false},"excerpt":{"rendered":"<p>&nbsp; FALCIANO DEL MASSICO. E&#8217; ormai nota la vicenda che ha visto coinvolto, involontariamente, Bonifacio Antonio Di Donato<\/p>\n","protected":false},"author":2,"featured_media":12261,"comment_status":"closed","ping_status":"closed","sticky":false,"template":"","format":"standard","meta":{"sfsi_plus_gutenberg_text_before_share":"","sfsi_plus_gutenberg_show_text_before_share":"","sfsi_plus_gutenberg_icon_type":"","sfsi_plus_gutenberg_icon_alignemt":"","sfsi_plus_gutenburg_max_per_row":"","footnotes":""},"categories":[4,9],"tags":[4734,4735],"class_list":["post-12260","post","type-post","status-publish","format-standard","has-post-thumbnail","hentry","category-falciano","category-politica","tag-elezioni-2017","tag-elezioni-falciano-del-massico"],"_links":{"self":[{"href":"https:\/\/www.thereportzone.it\/index.php?rest_route=\/wp\/v2\/posts\/12260"}],"collection":[{"href":"https:\/\/www.thereportzone.it\/index.php?rest_route=\/wp\/v2\/posts"}],"about":[{"href":"https:\/\/www.thereportzone.it\/index.php?rest_route=\/wp\/v2\/types\/post"}],"author":[{"embeddable":true,"href":"https:\/\/www.thereportzone.it\/index.php?rest_route=\/wp\/v2\/users\/2"}],"replies":[{"embeddable":true,"href":"https:\/\/www.thereportzone.it\/index.php?rest_route=%2Fwp%2Fv2%2Fcomments&post=12260"}],"version-history":[{"count":0,"href":"https:\/\/www.thereportzone.it\/index.php?rest_route=\/wp\/v2\/posts\/12260\/revisions"}],"wp:featuredmedia":[{"embeddable":true,"href":"https:\/\/www.thereportzone.it\/index.php?rest_route=\/"}],"wp:attachment":[{"href":"https:\/\/www.thereportzone.it\/index.php?rest_route=%2Fwp%2Fv2%2Fmedia&parent=12260"}],"wp:term":[{"taxonomy":"category","embeddable":true,"href":"https:\/\/www.thereportzone.it\/index.php?rest_route=%2Fwp%2Fv2%2Fcategories&post=12260"},{"taxonomy":"post_tag","embeddable":true,"href":"https:\/\/www.thereportzone.it\/index.php?rest_route=%2Fwp%2Fv2%2Ftags&post=12260"}],"curies":[{"name":"wp","href":"https:\/\/api.w.org\/{rel}","templated":true}]}}