{"id":12237,"date":"2016-09-24T11:21:33","date_gmt":"2016-09-24T09:21:33","guid":{"rendered":"http:\/\/www.thereportzone.it\/?p=12237"},"modified":"2016-09-24T11:21:33","modified_gmt":"2016-09-24T09:21:33","slug":"shock-cade-dal-balcone-mentre-fuma-muore-dopo-2-giorni-di-coma","status":"publish","type":"post","link":"https:\/\/www.thereportzone.it\/?p=12237","title":{"rendered":"SHOCK &#8211; Cade dal balcone mentre fuma, muore dopo 2 giorni di coma"},"content":{"rendered":"<p>&nbsp;<br \/>\n<strong>CRONACA<\/strong>. Una notizia shockante che sta scuotendo l&#8217;intera Campania. Incredibile la vicenda che ha visto vittima, dopo due giorni di coma, un uomo di 47 anni che, nella giornata di mercoled\u00ec scorso, \u00e8 caduto gi\u00f9 dal terzo piano mentre fumava una sigaretta in balcone.<br \/>\nLa sventura, avvenuta mercoled\u00ec scorso, ha avuto il suo triste epilogo oggi, quando si \u00e8 appresa la notizia che l&#8217;uomo di 47 anni, in coma presso l&#8217;Ospedale San Luca di Vallo della Lucania, non ce l&#8217;ha fatta. Ancora da chiarire la dinamica esatta de fatti e, dunque, come l&#8217;uomo possa essere caduto dal terzo piano.<br \/>\nPer il momento l&#8217;intera comunit\u00e0 di Camerota, di cui l&#8217;uomo era originario, si dice sconvolta.<br \/>\n&nbsp;<\/p>\n","protected":false},"excerpt":{"rendered":"<p>&nbsp; CRONACA. Una notizia shockante che sta scuotendo l&#8217;intera Campania. Incredibile la vicenda che ha visto vittima, dopo<\/p>\n","protected":false},"author":2,"featured_media":10738,"comment_status":"closed","ping_status":"closed","sticky":false,"template":"","format":"standard","meta":{"sfsi_plus_gutenberg_text_before_share":"","sfsi_plus_gutenberg_show_text_before_share":"","sfsi_plus_gutenberg_icon_type":"","sfsi_plus_gutenberg_icon_alignemt":"","sfsi_plus_gutenburg_max_per_row":"","footnotes":""},"categories":[8],"tags":[3335,3336,3337,3338],"class_list":["post-12237","post","type-post","status-publish","format-standard","has-post-thumbnail","hentry","category-cronaca","tag-cade-dal-balcone-e-muore","tag-cade-dal-balcone-mentre-fuma","tag-incidente-a-camerota","tag-tragedia-a-camerota"],"_links":{"self":[{"href":"https:\/\/www.thereportzone.it\/index.php?rest_route=\/wp\/v2\/posts\/12237"}],"collection":[{"href":"https:\/\/www.thereportzone.it\/index.php?rest_route=\/wp\/v2\/posts"}],"about":[{"href":"https:\/\/www.thereportzone.it\/index.php?rest_route=\/wp\/v2\/types\/post"}],"author":[{"embeddable":true,"href":"https:\/\/www.thereportzone.it\/index.php?rest_route=\/wp\/v2\/users\/2"}],"replies":[{"embeddable":true,"href":"https:\/\/www.thereportzone.it\/index.php?rest_route=%2Fwp%2Fv2%2Fcomments&post=12237"}],"version-history":[{"count":0,"href":"https:\/\/www.thereportzone.it\/index.php?rest_route=\/wp\/v2\/posts\/12237\/revisions"}],"wp:featuredmedia":[{"embeddable":true,"href":"https:\/\/www.thereportzone.it\/index.php?rest_route=\/"}],"wp:attachment":[{"href":"https:\/\/www.thereportzone.it\/index.php?rest_route=%2Fwp%2Fv2%2Fmedia&parent=12237"}],"wp:term":[{"taxonomy":"category","embeddable":true,"href":"https:\/\/www.thereportzone.it\/index.php?rest_route=%2Fwp%2Fv2%2Fcategories&post=12237"},{"taxonomy":"post_tag","embeddable":true,"href":"https:\/\/www.thereportzone.it\/index.php?rest_route=%2Fwp%2Fv2%2Ftags&post=12237"}],"curies":[{"name":"wp","href":"https:\/\/api.w.org\/{rel}","templated":true}]}}