{"id":12193,"date":"2016-09-22T09:22:56","date_gmt":"2016-09-22T07:22:56","guid":{"rendered":"http:\/\/www.thereportzone.it\/?p=12193"},"modified":"2016-09-22T09:22:56","modified_gmt":"2016-09-22T07:22:56","slug":"falciano-pd-e-sinistra-italiana-le-primarie-si-faranno","status":"publish","type":"post","link":"https:\/\/www.thereportzone.it\/?p=12193","title":{"rendered":"FALCIANO &#8211; PD e Sinistra Italiana: &#8220;Le primarie si faranno&#8221;"},"content":{"rendered":"<p>&nbsp;<br \/>\n<strong>FALCIANO DEL MASSICO.<\/strong>\u00a0Ufficiale. Le primarie si faranno. Partito Democratico e Sinistra italiana all&#8217;unanimit\u00e0 ribadiscono la volont\u00e0 espressa gi\u00e0 negli scorsi mesi e tracciano il sentiero. &#8220;Sar\u00e0 un percorso democratico e partecipato. Pubblicheremo un manifesto di indizione delle primarie per la scelta del Sindaco con la convocazione di una prima assemblea a stretto giro, nella quale tutti i partecipanti decideranno le regole della competizione&#8221; commenta il segretario del PD locale Erasmo Fava a cui fa eco la portavoce di Sinistra Italiana Concetta Indrizzi &#8221; avremo finalmente un momento di confronto democratico con il Paese e ci aspettiamo una grande partecipazione di chi fino ad oggi ha assunto la volont\u00e0 di volersi mettere in gioco per il bene di Falciano &#8220;.<br \/>\nAll&#8217;interpartitico, che ha sancito di fatto l&#8217;ufficialit\u00e0 delle primarie, sono stati tantissimi gli interventi tra cui quelli dei consiglieri comunali Corrado Freddino ed Igor Prata che si sono soffermati in modo particolare sulle questioni amministrative e su quella che senza mezzi termini hanno definito &#8221; la vergognasa gestione dei lavori presso le scuole da parte di un Sindaco disorientato e di una squadra che ha una mentalit\u00e0 da prima repubblica alla quale continueremo a dare battaglia &#8221; e quelli di esponenti di spicco come Carlo Cerrito, Mario Fabozio, Maurizio Paolella e Giuseppe Toscano che in coro hanno battezzato questo momento come il pi\u00f9 basso della storia falcianese indicando gi\u00e0 alcuni punti strategici da cui partire per rilanciare il Paese.<br \/>\nL&#8217;assemblea in cui erano presenti oltre venti persone si \u00e8 conclusa in tarda serata data la complessit\u00e0 degli argomenti affrontati assumendo di fatto la discussione come l&#8217;agenda politica da portare avanti con determinazione nelle prossime settimane.<\/p>\n","protected":false},"excerpt":{"rendered":"<p>&nbsp; FALCIANO DEL MASSICO.\u00a0Ufficiale. Le primarie si faranno. Partito Democratico e Sinistra italiana all&#8217;unanimit\u00e0 ribadiscono la volont\u00e0 espressa<\/p>\n","protected":false},"author":2,"featured_media":2999,"comment_status":"closed","ping_status":"closed","sticky":false,"template":"","format":"standard","meta":{"sfsi_plus_gutenberg_text_before_share":"","sfsi_plus_gutenberg_show_text_before_share":"","sfsi_plus_gutenberg_icon_type":"","sfsi_plus_gutenberg_icon_alignemt":"","sfsi_plus_gutenburg_max_per_row":"","footnotes":""},"categories":[4,9],"tags":[3699],"class_list":["post-12193","post","type-post","status-publish","format-standard","has-post-thumbnail","hentry","category-falciano","category-politica","tag-falciano-politica"],"_links":{"self":[{"href":"https:\/\/www.thereportzone.it\/index.php?rest_route=\/wp\/v2\/posts\/12193"}],"collection":[{"href":"https:\/\/www.thereportzone.it\/index.php?rest_route=\/wp\/v2\/posts"}],"about":[{"href":"https:\/\/www.thereportzone.it\/index.php?rest_route=\/wp\/v2\/types\/post"}],"author":[{"embeddable":true,"href":"https:\/\/www.thereportzone.it\/index.php?rest_route=\/wp\/v2\/users\/2"}],"replies":[{"embeddable":true,"href":"https:\/\/www.thereportzone.it\/index.php?rest_route=%2Fwp%2Fv2%2Fcomments&post=12193"}],"version-history":[{"count":0,"href":"https:\/\/www.thereportzone.it\/index.php?rest_route=\/wp\/v2\/posts\/12193\/revisions"}],"wp:featuredmedia":[{"embeddable":true,"href":"https:\/\/www.thereportzone.it\/index.php?rest_route=\/"}],"wp:attachment":[{"href":"https:\/\/www.thereportzone.it\/index.php?rest_route=%2Fwp%2Fv2%2Fmedia&parent=12193"}],"wp:term":[{"taxonomy":"category","embeddable":true,"href":"https:\/\/www.thereportzone.it\/index.php?rest_route=%2Fwp%2Fv2%2Fcategories&post=12193"},{"taxonomy":"post_tag","embeddable":true,"href":"https:\/\/www.thereportzone.it\/index.php?rest_route=%2Fwp%2Fv2%2Ftags&post=12193"}],"curies":[{"name":"wp","href":"https:\/\/api.w.org\/{rel}","templated":true}]}}