{"id":12078,"date":"2016-09-13T15:10:14","date_gmt":"2016-09-13T13:10:14","guid":{"rendered":"http:\/\/www.thereportzone.it\/?p=12078"},"modified":"2016-09-13T15:10:14","modified_gmt":"2016-09-13T13:10:14","slug":"falciano-apertura-scuole-tutto-pronto-la-nota-ufficiale-dellutc","status":"publish","type":"post","link":"https:\/\/www.thereportzone.it\/?p=12078","title":{"rendered":"FALCIANO &#8211; Apertura scuole: tutto pronto. La nota ufficiale dell&#8217;UTC"},"content":{"rendered":"<p>&nbsp;<br \/>\n<strong>FALCIANO DEL MASSICO.<\/strong> Cos\u00ec come annunciato precedentemente dal sindaco Dott. Giosu\u00e8 Santoro, in un&#8217;intervista rilasciata al nostro portale di informazione, gioved\u00ec 15 settembre le Scuole riapriranno normalmente e riprenderanno le lezioni. I lavori sono ormai al termine e, gli alunni, potranno sedere tra i banchi.<br \/>\nQuesta mattina una nota ufficiale a firma dell&#8217;Architetto Aurelio Petrella, responsabile dell&#8217;Ufficio Tecnico Comunale, annuncia la situazione dei fatti. Dopo un sopralluogo presso il plesso di via Ponticello, ne \u00e8 venuta fuori la seguente nota:<br \/>\n&#8220;<em>Facendo seguito ai vari incontri programmatici per la gestione della riapertura dei plessi scolastici, il sottoscritto responsabile dell&#8217;UTC comunica che, come quanto stabilito, le aule saranno utilizzabili dal giorno 15\/09\/2016. Tutto ci\u00f2 premesso, si ribadisce che i lavori ai plessi scolastici continueranno all&#8217;esterno degli stessi senza arrecare pregiudizio alle attivit\u00e0 scolastiche<\/em>&#8220;.<br \/>\n<img fetchpriority=\"high\" decoding=\"async\" class=\"aligncenter wp-image-12079 size-full\" src=\"http:\/\/www.thereportzone.it\/wp-content\/uploads\/2016\/09\/14356048_10209827177332869_1119626388_n.jpg\" alt=\"14356048_10209827177332869_1119626388_n\" width=\"720\" height=\"960\" \/><\/p>\n","protected":false},"excerpt":{"rendered":"<p>&nbsp; FALCIANO DEL MASSICO. Cos\u00ec come annunciato precedentemente dal sindaco Dott. Giosu\u00e8 Santoro, in un&#8217;intervista rilasciata al nostro<\/p>\n","protected":false},"author":2,"featured_media":2999,"comment_status":"closed","ping_status":"closed","sticky":false,"template":"","format":"standard","meta":{"sfsi_plus_gutenberg_text_before_share":"","sfsi_plus_gutenberg_show_text_before_share":"","sfsi_plus_gutenberg_icon_type":"","sfsi_plus_gutenberg_icon_alignemt":"","sfsi_plus_gutenburg_max_per_row":"","footnotes":""},"categories":[4,9],"tags":[4723,4724,4725,4726],"class_list":["post-12078","post","type-post","status-publish","format-standard","has-post-thumbnail","hentry","category-falciano","category-politica","tag-apertura-scuole","tag-scuole-elementar","tag-scuole-falciano-del-massco","tag-scuole-medie"],"_links":{"self":[{"href":"https:\/\/www.thereportzone.it\/index.php?rest_route=\/wp\/v2\/posts\/12078"}],"collection":[{"href":"https:\/\/www.thereportzone.it\/index.php?rest_route=\/wp\/v2\/posts"}],"about":[{"href":"https:\/\/www.thereportzone.it\/index.php?rest_route=\/wp\/v2\/types\/post"}],"author":[{"embeddable":true,"href":"https:\/\/www.thereportzone.it\/index.php?rest_route=\/wp\/v2\/users\/2"}],"replies":[{"embeddable":true,"href":"https:\/\/www.thereportzone.it\/index.php?rest_route=%2Fwp%2Fv2%2Fcomments&post=12078"}],"version-history":[{"count":0,"href":"https:\/\/www.thereportzone.it\/index.php?rest_route=\/wp\/v2\/posts\/12078\/revisions"}],"wp:featuredmedia":[{"embeddable":true,"href":"https:\/\/www.thereportzone.it\/index.php?rest_route=\/"}],"wp:attachment":[{"href":"https:\/\/www.thereportzone.it\/index.php?rest_route=%2Fwp%2Fv2%2Fmedia&parent=12078"}],"wp:term":[{"taxonomy":"category","embeddable":true,"href":"https:\/\/www.thereportzone.it\/index.php?rest_route=%2Fwp%2Fv2%2Fcategories&post=12078"},{"taxonomy":"post_tag","embeddable":true,"href":"https:\/\/www.thereportzone.it\/index.php?rest_route=%2Fwp%2Fv2%2Ftags&post=12078"}],"curies":[{"name":"wp","href":"https:\/\/api.w.org\/{rel}","templated":true}]}}