{"id":12066,"date":"2016-09-13T13:14:59","date_gmt":"2016-09-13T11:14:59","guid":{"rendered":"http:\/\/www.thereportzone.it\/?p=12066"},"modified":"2016-09-13T13:14:59","modified_gmt":"2016-09-13T11:14:59","slug":"immortale-falernum-xiv-intervista-a-pietro-alfieri-e-le-video-interviste-di-video-poleis","status":"publish","type":"post","link":"https:\/\/www.thereportzone.it\/?p=12066","title":{"rendered":"IMMORTALE FALERNUM XIV &#8211; Intervista al Dott. Pietro Alfieri e le video interviste di Video Poleis"},"content":{"rendered":"<p>&nbsp;<br \/>\n<strong>FALCIANO DEL MASSICO.<\/strong> Immortale Falernum XIV, anche quest&#8217;anno, ha fatto registrare un ottimo successo. Il convegno di apertura e le degustazioni presso le cantine di Falciano (Papa, Zannini, Santoro e Regina Viarum) hanno chiamato a se un folto pubblico.<br \/>\nDopo avervi proposto le foto ed il video del convegno di apertura oggi intendiamo chiudere il cerchio con tutte le interviste agli ospiti che hanno partecipato al convegno. Qui di seguito una nostra intervista a Pietro Alfieri, Wine Export Manager. Seguiranno, a fine pagine, le video interviste di Biagio Russo per il suo canale Youtube Video Poleis.<br \/>\n&#8220;<em>Anche se il consumo di Falerno del Massico D.O.P sta facendo registrare tassi di crescita dei consumi importanti sul mercato internazionale, l&#8217;export di questa bevanda ha ancora molta strada da percorrere e si trova ancora in una fase embrionale di sviluppo.<\/em><br \/>\n<em><img fetchpriority=\"high\" decoding=\"async\" class=\"size-medium wp-image-12073 alignright\" src=\"http:\/\/www.thereportzone.it\/wp-content\/uploads\/2016\/09\/14365291_10209827108731154_1736438092_n-300x200.jpg\" alt=\"14365291_10209827108731154_1736438092_n\" width=\"300\" height=\"200\" \/>Il mercato internazionale del vino negli ultimi anni sta mutando in maniera significativa profilo e composizione geo-economica. La prospettiva di internazionalizzazione a largo raggio diventa, quindi, per il Falerno una realt\u00e0 da prendere in seria considerazione. Questa opportunit\u00e0, a mio avviso, molte volte si coniuga male sia con le dimensioni delle aziende presenti sul nostro territorio, che a volte non superano un ettaro di superficie vitata, sia con la loro struttura organizzativa che non presenta figure manageriali con competenze di marketing internazionale adeguate.<\/em><br \/>\n<em> Le dimensioni dove si registrano i principali gap con altre realt\u00e0 sicuramente pi\u00f9 attrezzate rispetto a quelle dell&#8217;Ager Falernus sono: manageriali (in termini di competenze, atteggiamenti e comportamenti difensivi, mancanza di una visione strategica), interni all&#8217;impresa (in termini di struttura organizzativa, risorse finanziarie e capacit\u00e0 innovativa), esterni all&#8217;impresa (mancanza di cooperazione, incapacit\u00e0 di fare sistema con tutti gli altri attori del settore presenti sul territorio).<\/em><br \/>\n<em>Occorrono quindi modifiche radicali nei modelli di impresa per poter essere competitivi in uno scenario mondiale completamente mutato.<\/em><br \/>\n<em>Il Falerno \u00e8 indubbiamente un vino di indiscutibile qualit\u00e0, che merita di essere pi\u00f9 conosciuto ed accreditato sul mercato nazionale ed internazionale; ha tutte le caratteristiche e qualit\u00e0 necessarie per imporsi sul mercato con lo stesso successo degli altri vini italiani e francesi di qualit\u00e0. Fondamentali appaiono, dunque, le cosiddette &#8220;reti di imprese&#8221;, che vanno sempre assunte come strumenti e fattori di successo e di crescita per tutte quelle operazioni di mercato da cui i produttori aspirano a ricavare il massimo dei benefici. <\/em><br \/>\n<em>La collaborazione tra soggetti diversi \u00e8 necessaria per un interscambio di metodologie e di strategie mirate e coordinate, da cui si possono ottenere obiettivi ambiziosi e tra questi l&#8217;inserimento in aree di mercato di dimensione nazionale ed internazionale. <\/em><br \/>\n<em>La finalit\u00e0 delle reti di imprese \u00e8 quella di far uscire le aziende dalla dimensione penalizzante della frammentazione, dimensione che a mio giudizio condanna la maggior parte delle aziende vitivinicole del nostro territorio. L&#8217;auspicio per il prossimo futuro \u00e8 che tra i vini di eccellenza il Falerno del Massico D.O.P. Cominci ad occupare un posto di rilievo e torni a riguadagnare quel prestigio che la storia gli aveva gi\u00e0 riconosciuto nell&#8217;antichit\u00e0 classica&#8221;.<\/em><br \/>\n<img decoding=\"async\" class=\"size-medium wp-image-12072 aligncenter\" src=\"http:\/\/www.thereportzone.it\/wp-content\/uploads\/2016\/09\/14355841_10209827105131064_56865025_n-300x200.jpg\" alt=\"14355841_10209827105131064_56865025_n\" width=\"300\" height=\"200\" \/><br \/>\n<img decoding=\"async\" class=\"size-medium wp-image-12070 aligncenter\" src=\"http:\/\/www.thereportzone.it\/wp-content\/uploads\/2016\/09\/14341640_10209827106291093_806882752_n-300x200.jpg\" alt=\"14341640_10209827106291093_806882752_n\" width=\"300\" height=\"200\" \/><br \/>\n<img loading=\"lazy\" decoding=\"async\" class=\"size-medium wp-image-12069 aligncenter\" src=\"http:\/\/www.thereportzone.it\/wp-content\/uploads\/2016\/09\/14330993_10209827109371170_2032881646_n-300x200.jpg\" alt=\"14330993_10209827109371170_2032881646_n\" width=\"300\" height=\"200\" \/><br \/>\n<img loading=\"lazy\" decoding=\"async\" class=\"size-medium wp-image-12071 aligncenter\" src=\"http:\/\/www.thereportzone.it\/wp-content\/uploads\/2016\/09\/14348674_10209827109571175_1145251171_n-300x200.jpg\" alt=\"14348674_10209827109571175_1145251171_n\" width=\"300\" height=\"200\" \/><br \/>\n<img loading=\"lazy\" decoding=\"async\" class=\"size-medium wp-image-12075 aligncenter\" src=\"http:\/\/www.thereportzone.it\/wp-content\/uploads\/2016\/09\/dasadsas-300x200.jpg\" alt=\"dasadsas\" width=\"300\" height=\"200\" \/><br \/>\nhttps:\/\/www.youtube.com\/watch?v=aI25lGRLWSg<\/p>\n","protected":false},"excerpt":{"rendered":"<p>&nbsp; FALCIANO DEL MASSICO. Immortale Falernum XIV, anche quest&#8217;anno, ha fatto registrare un ottimo successo. Il convegno di<\/p>\n","protected":false},"author":2,"featured_media":12073,"comment_status":"closed","ping_status":"closed","sticky":false,"template":"","format":"standard","meta":{"sfsi_plus_gutenberg_text_before_share":"","sfsi_plus_gutenberg_show_text_before_share":"","sfsi_plus_gutenberg_icon_type":"","sfsi_plus_gutenberg_icon_alignemt":"","sfsi_plus_gutenburg_max_per_row":"","footnotes":""},"categories":[10,4,5],"tags":[5029,5028],"class_list":["post-12066","post","type-post","status-publish","format-standard","has-post-thumbnail","hentry","category-cultura","category-falciano","category-mondragone","tag-concorso-enologico","tag-immortale-falernum"],"_links":{"self":[{"href":"https:\/\/www.thereportzone.it\/index.php?rest_route=\/wp\/v2\/posts\/12066"}],"collection":[{"href":"https:\/\/www.thereportzone.it\/index.php?rest_route=\/wp\/v2\/posts"}],"about":[{"href":"https:\/\/www.thereportzone.it\/index.php?rest_route=\/wp\/v2\/types\/post"}],"author":[{"embeddable":true,"href":"https:\/\/www.thereportzone.it\/index.php?rest_route=\/wp\/v2\/users\/2"}],"replies":[{"embeddable":true,"href":"https:\/\/www.thereportzone.it\/index.php?rest_route=%2Fwp%2Fv2%2Fcomments&post=12066"}],"version-history":[{"count":0,"href":"https:\/\/www.thereportzone.it\/index.php?rest_route=\/wp\/v2\/posts\/12066\/revisions"}],"wp:featuredmedia":[{"embeddable":true,"href":"https:\/\/www.thereportzone.it\/index.php?rest_route=\/"}],"wp:attachment":[{"href":"https:\/\/www.thereportzone.it\/index.php?rest_route=%2Fwp%2Fv2%2Fmedia&parent=12066"}],"wp:term":[{"taxonomy":"category","embeddable":true,"href":"https:\/\/www.thereportzone.it\/index.php?rest_route=%2Fwp%2Fv2%2Fcategories&post=12066"},{"taxonomy":"post_tag","embeddable":true,"href":"https:\/\/www.thereportzone.it\/index.php?rest_route=%2Fwp%2Fv2%2Ftags&post=12066"}],"curies":[{"name":"wp","href":"https:\/\/api.w.org\/{rel}","templated":true}]}}