{"id":11902,"date":"2016-08-28T12:22:02","date_gmt":"2016-08-28T10:22:02","guid":{"rendered":"http:\/\/www.thereportzone.it\/?p=11902"},"modified":"2016-08-28T12:22:02","modified_gmt":"2016-08-28T10:22:02","slug":"carinola-raccolta-beni-per-il-sisma-aspro-richiamo-del-m5s","status":"publish","type":"post","link":"https:\/\/www.thereportzone.it\/?p=11902","title":{"rendered":"CARINOLA &#8211; Raccolta beni per il sisma: aspro richiamo del M5S"},"content":{"rendered":"<p>&nbsp;<br \/>\n<strong>28 Agosto 2016 &#8211; CARINOLA<\/strong>.\u00a0<em>Aspro il richiamo che il portavoce del Movimento 5 Stelle di Carinola Avv. Sisto Di Cresce ha sollevato nell&#8217;ultimo Consiglio Comunale. Infatti la Presidente del Consiglio si \u00e8 limitata al canonico ma sterile minuto di silenzio a favore delle vittime del terremoto ma nessuna fattiva iniziativa tesa ad alleviare i disagi nelle zone terremotate \u00e8 stata proposta da questa amministrazione che per bocca della Signora Mazzucchi ha sostenuto che al momento non occorrono beni di prima necessit\u00e0&#8230; In realt\u00e0 beni di prima necessit\u00e0 servono eccome. Sono richiesti pannolini, assorbenti, bagnoschiuma e simili.<\/em><\/p>\n<div><em>Sarebbe bastato fare una comunicazione ufficiale sull&#8217;albo pretorio e far affiggere dei manifesti dove si indicavano quelle che possono essere le modalit\u00e0 per dare aiuto ai terremotati quale ad esempio un Iban dove fare una donazione oppure dei contatti utili (come le Caritas) con i quali collaborare.\u00a0<\/em><\/div>\n<div><em>A tal proposito il Movimento 5 Stelle di Carinola sollecita tutti coloro che vogliono in qualsiasi modo esprimere fattiva solidariet\u00e0, a contattare i responsabili delle Caritas parrocchiali o a effettuare donazioni alla Croce Rossa Italiana utilizzando l&#8217;Iban IT38R0760103000000000900050 causale &#8220;Poste Italiane con Croce Rossa Italiana &#8211; Terremoto Centro Italia&#8221;.<\/em><\/div>\n<div><\/div>\n<div style=\"text-align: right;\"><strong>Renato Luigi De Spirito-Responsabile della Comunicazione Movimento 5 Stelle Carinola<\/strong><\/div>\n","protected":false},"excerpt":{"rendered":"<p>&nbsp; 28 Agosto 2016 &#8211; CARINOLA.\u00a0Aspro il richiamo che il portavoce del Movimento 5 Stelle di Carinola Avv.<\/p>\n","protected":false},"author":2,"featured_media":9635,"comment_status":"closed","ping_status":"closed","sticky":false,"template":"","format":"standard","meta":{"sfsi_plus_gutenberg_text_before_share":"","sfsi_plus_gutenberg_show_text_before_share":"","sfsi_plus_gutenberg_icon_type":"","sfsi_plus_gutenberg_icon_alignemt":"","sfsi_plus_gutenburg_max_per_row":"","footnotes":""},"categories":[2973,9],"tags":[],"class_list":["post-11902","post","type-post","status-publish","format-standard","has-post-thumbnail","hentry","category-carinola","category-politica"],"_links":{"self":[{"href":"https:\/\/www.thereportzone.it\/index.php?rest_route=\/wp\/v2\/posts\/11902"}],"collection":[{"href":"https:\/\/www.thereportzone.it\/index.php?rest_route=\/wp\/v2\/posts"}],"about":[{"href":"https:\/\/www.thereportzone.it\/index.php?rest_route=\/wp\/v2\/types\/post"}],"author":[{"embeddable":true,"href":"https:\/\/www.thereportzone.it\/index.php?rest_route=\/wp\/v2\/users\/2"}],"replies":[{"embeddable":true,"href":"https:\/\/www.thereportzone.it\/index.php?rest_route=%2Fwp%2Fv2%2Fcomments&post=11902"}],"version-history":[{"count":0,"href":"https:\/\/www.thereportzone.it\/index.php?rest_route=\/wp\/v2\/posts\/11902\/revisions"}],"wp:featuredmedia":[{"embeddable":true,"href":"https:\/\/www.thereportzone.it\/index.php?rest_route=\/"}],"wp:attachment":[{"href":"https:\/\/www.thereportzone.it\/index.php?rest_route=%2Fwp%2Fv2%2Fmedia&parent=11902"}],"wp:term":[{"taxonomy":"category","embeddable":true,"href":"https:\/\/www.thereportzone.it\/index.php?rest_route=%2Fwp%2Fv2%2Fcategories&post=11902"},{"taxonomy":"post_tag","embeddable":true,"href":"https:\/\/www.thereportzone.it\/index.php?rest_route=%2Fwp%2Fv2%2Ftags&post=11902"}],"curies":[{"name":"wp","href":"https:\/\/api.w.org\/{rel}","templated":true}]}}