{"id":11770,"date":"2016-08-20T17:54:13","date_gmt":"2016-08-20T15:54:13","guid":{"rendered":"http:\/\/www.thereportzone.it\/?p=11770"},"modified":"2016-08-20T17:54:13","modified_gmt":"2016-08-20T15:54:13","slug":"presidente-pd-razzino-chi-rappresentano-di-cresce-mannillo-e-de-crescenzo-il-pd-farebbe-bene-a-non-parlare-di-verita-storica","status":"publish","type":"post","link":"https:\/\/www.thereportzone.it\/?p=11770","title":{"rendered":"Presidente Pd Razzino: &#8220;Chi rappresentano Di Cresce, Mannillo e De Crescenzo? Il PD farebbe bene a non parlare di verit\u00e0 storica&#8221;"},"content":{"rendered":"<p style=\"text-align: left;\">\n<p style=\"text-align: left;\"><strong>20 Agosto 2016 &#8211; CARINOLA<\/strong>. \u00a0&#8220;Sono pienamente soddisfatto del sostegno del PD comunale e provinciale&#8221;. Cos\u00ec Rino Di Cresce, questa mattina dopo il comunicato del Coordinamento comunale del Partito Democratico firmato da Laura Passaretti.<\/p>\n<p style=\"text-align: left;\">Non l&#8217;avesse mai detto , Di Cresce, in questo lasso di tempo davvero un po&#8217; sfortunato e costretto a districarsi tra dichiarazioni e smentite.<\/p>\n<p style=\"text-align: left;\">Non passano infatti neppure tre ore dal suo post e arriva una smentita di quelle che fanno saltare dalla sedia. A metterla nero su bianco non \u00e8 uno qualsiasi o un fedain della lista Siamo Carinola, ma addirittura il Presidente in carica del PD di Carinola, Lorenzo Razzino. Un autentico fiume in piena il massimo dirigente locale del partito di Renzi che in un comunicato ufficiale con cui critica l&#8217;iniziativa degli ormai arcinoti sottoscrittori della lettera aperta e consiglia di non attardarsi pi\u00f9 di tanto sulla ricostruzione della verit\u00e0 storica che finirebbe per mettere in luce le tante colpe del centrosinistra caleno e la sua gestione familistica, si scaglia proprio contro la dirigenza PD.<\/p>\n<p style=\"text-align: left;\">Insomma, se fosse una torre la coalizione Anti Russo, sarebbe sicuramente quella di Babele, in cui ognuno parla una lingua diversa dall&#8217;altro.<\/p>\n<p style=\"text-align: left;\">Di seguito il Comunicato di Razzino, Presidente PD:<\/p>\n<p style=\"text-align: left;\">&#8220;Apprendo, con non poco stupore, che il Partito Democratico di Carinola, con un comunicato sottoscritto dalla Segretaria di Circolo, dott.ssa Laura Passaretti e pubblicato in data odierna su www.thereportzone.it che recita &#8220;pertanto esprimiamo tutta la nostra vicinanza ai tre e stigmatizziamo le dichiarazioni nel manifesto dell&#8217;amministrazione Russo, perch\u00e9 tenta di occultare la verit\u00e0 storica&#8221;.<\/p>\n<p>Soprassediamo sulla &#8220;verit\u00e0 storica&#8221;, per carit\u00e0 di Dio, sulla gestione amministrativa degli ultimi quindici anni credo che convenga a tutti gli attori &#8220;non protagonisti&#8221; non rimestare e non ricordare quello che a mio opinabilissimo avviso ritengo sia stata la pagina amministrativa del nostro comune pi\u00f9 buia, pi\u00f9 triste e pi\u00f9 disastrosa.<br \/>\nTuttavia, piacerebbe sapere allo scrivente \u00a0a qualche altro iscritto al circolo PD di Carinola:<br \/>\na)\u00a0in che sede, da chi e quando \u00e8 stata assunta la decisione di condividere la lettera aperta al Sindaco dei tre sig. Mannillo, De Crescenzo, Di Cresce;<br \/>\nb)\u00a0chi sono costoro e chi politicamente rappresentano;<br \/>\nc)\u00a0visto che il PD in seno al consiglio comunale ha fatto gruppo a s\u00e9, non sarebbe opportuno sentire da viva voce del nostro rappresentante? e quindi consequenzialmente assumere iniziative tese a tutelare gli interessi di tutti i cittadini carinolesi, anzich\u00e9 sostenere improbabili personaggi in &#8220;cerca d&#8217;autore&#8221; ?<br \/>\nSo bene che la risposta potrebbe essere quella di tacitarmi, poich\u00e9 non avendo votato la lista civica &#8220;Carinola Rinasce&#8221;, che a mio avviso n\u00e9 in molti dei candidati, n\u00e9 nelle idee e n\u00e9 nei valori non aveva nulla a che fare con il PD a livello centrale e francamente molti dei quali sembravano dei mediocri &#8220;ballerini&#8221; alla ricerca di una improbabile platea che potesse dar sfogo al loro narcisismo e al loro presenzialismo.<br \/>\nQuindi, non rinnego affatto, che come presidente del circolo PD di Carinola ho votato la valente, competente e stimatissima dal popolo carinolese dott.ssa Antonella Migliozzi, che tra l&#8217;altro non ha mai rinnegato di rifarsi alle idee ed ai valori del PD e della sinistra. \u00a0Peraltro dimostrando fattivamente tutti i giorni, in questo scorcio d&#8217;inizio legislatura, di essere popolana in mezzo ai popolani, di attivarsi e sacrificarsi perch\u00e9 la nostra comunit\u00e0 carinolese potesse riguadagnare quel prestigio e quell&#8217;onore civico che negli ultimi anni improvvidi ed impreparati amministratori le avevano sottratto.<br \/>\nPertanto, alla luce di quanto su esposto mi attenderei dalla segretaria dott.ssa Passaretti, un comunicato che correggesse la vicinanza ai &#8220;tre moschettieri&#8221; e la confinasse in una vicinanza a titolo personale e non del circolo Pd di Carinola e quanto prima convochi un consiglio direttivo ove si potr\u00e0 serenamente valutare l&#8217;agire politico di questa amministrazione e quindi manifestare quello che si ritiene non \u00a0sufficientemente positivo per la cittadinanza senza prestarsi ad azioni sterili, personali e strumentali&#8221;.<\/p>\n<p style=\"text-align: right;\"><em><strong>Lorenzo Razzino\u00a0<\/strong><\/em><em><strong>Presidente del circolo PD Carinola<\/strong><\/em><\/p>\n","protected":false},"excerpt":{"rendered":"<p>20 Agosto 2016 &#8211; CARINOLA. \u00a0&#8220;Sono pienamente soddisfatto del sostegno del PD comunale e provinciale&#8221;. Cos\u00ec Rino Di<\/p>\n","protected":false},"author":2,"featured_media":11768,"comment_status":"closed","ping_status":"closed","sticky":false,"template":"","format":"standard","meta":{"sfsi_plus_gutenberg_text_before_share":"","sfsi_plus_gutenberg_show_text_before_share":"","sfsi_plus_gutenberg_icon_type":"","sfsi_plus_gutenberg_icon_alignemt":"","sfsi_plus_gutenburg_max_per_row":"","footnotes":""},"categories":[2973,9],"tags":[],"class_list":["post-11770","post","type-post","status-publish","format-standard","has-post-thumbnail","hentry","category-carinola","category-politica"],"_links":{"self":[{"href":"https:\/\/www.thereportzone.it\/index.php?rest_route=\/wp\/v2\/posts\/11770"}],"collection":[{"href":"https:\/\/www.thereportzone.it\/index.php?rest_route=\/wp\/v2\/posts"}],"about":[{"href":"https:\/\/www.thereportzone.it\/index.php?rest_route=\/wp\/v2\/types\/post"}],"author":[{"embeddable":true,"href":"https:\/\/www.thereportzone.it\/index.php?rest_route=\/wp\/v2\/users\/2"}],"replies":[{"embeddable":true,"href":"https:\/\/www.thereportzone.it\/index.php?rest_route=%2Fwp%2Fv2%2Fcomments&post=11770"}],"version-history":[{"count":0,"href":"https:\/\/www.thereportzone.it\/index.php?rest_route=\/wp\/v2\/posts\/11770\/revisions"}],"wp:featuredmedia":[{"embeddable":true,"href":"https:\/\/www.thereportzone.it\/index.php?rest_route=\/"}],"wp:attachment":[{"href":"https:\/\/www.thereportzone.it\/index.php?rest_route=%2Fwp%2Fv2%2Fmedia&parent=11770"}],"wp:term":[{"taxonomy":"category","embeddable":true,"href":"https:\/\/www.thereportzone.it\/index.php?rest_route=%2Fwp%2Fv2%2Fcategories&post=11770"},{"taxonomy":"post_tag","embeddable":true,"href":"https:\/\/www.thereportzone.it\/index.php?rest_route=%2Fwp%2Fv2%2Ftags&post=11770"}],"curies":[{"name":"wp","href":"https:\/\/api.w.org\/{rel}","templated":true}]}}