{"id":11749,"date":"2016-08-19T18:28:48","date_gmt":"2016-08-19T16:28:48","guid":{"rendered":"http:\/\/www.thereportzone.it\/?p=11749"},"modified":"2016-08-19T18:28:48","modified_gmt":"2016-08-19T16:28:48","slug":"carinola-giusy-tuozzi-sulla-lettera-aperta-a-sindaco-non-la-condivido","status":"publish","type":"post","link":"https:\/\/www.thereportzone.it\/?p=11749","title":{"rendered":"CARINOLA &#8211; Giusy Tuozzi sulla lettera aperta al sindaco: &#8220;Non la condivido&#8221;"},"content":{"rendered":"<p>&nbsp;<br \/>\n<strong>19 Agosto 2016 &#8211; CARINOLA.<\/strong>\u00a0Ritengo doveroso chiarire la mia posizione in merito \u00a0alla lettera aperta indirizzata al Sindaco, da parte di tre candidati della lista CARINOLA RINASCE.<br \/>\nComunico la mia difficolt\u00e0 e lo stupore nel leggere gli articoli pubblicati dal blog e dalla stampa locale. \u00a0Non condivido assolutamente quanto messo in atto da amici che con me , Franco Di Biasio e Maria Sorvillo hanno condiviso la campagna elettorale della Lista Carinola Rinasce.-<br \/>\nLa lettera aperta dei tre candidati andava concordata e trasmessa , non al Sindaco, ma ai consiglieri eletti nella Lista Carinola Rinasce che poi avrebbero messo in moto tutti i canali istituzionali.<br \/>\nCredo che, nonostante la mia poca esperienza politica, una volta conclusa la consultazione elettorale , con l\u2019insediamento del nuovo consiglio e la formazione dei gruppi consiliari di maggioranza e minoranza , il simbolo della lista non abbia pi\u00f9 motivo di esistere.<br \/>\nTutti i cittadini hanno libert\u00e0 di produrre istanze, sollecitare interventi ed altro, \u00e8 necessario, per\u00f2, che venga fatto secondo le disposizioni di legge e non come candidato di una lista che oggi \u00e8 rappresentata dai Consiglieri eletti democraticamente dal popolo carinolese<br \/>\nA poco tempo dalle elezioni , mi risulta ancora difficile capire come funziona la sala di comando che amministra la citt\u00e0 in cui vivo. Di una cosa sono certa, non voglio essere una <strong>Yes woman<\/strong> e credo che sia utile non dialogare con quelle persone non pi\u00f9 funzionali ad un discorso di crescita e partecipazione democratica.<br \/>\nCome gi\u00e0 riferito in consiglio comunale,\u00a0 quando ho ritenuto utile formare il gruppo autonomo Caleno, voglio onorare il mandato ricevuto con il voto seguendo una linea \u00a0lontana dal protagonismo politico, da chiacchiere inconcludenti che a lungo andare arrecano solo danni alla popolazione.<br \/>\nRimango ferma sulla mia posizione di vigilare sull\u2019azione amministrativa, vagliando e condividendo\u00a0 il tutto con gli altri amici della minoranza senza creare difficolt\u00e0 purch\u00e8 \u00a0non ci siano preferenze di intervento e frazionismo, segno tangibile di poca cultura politica.-<br \/>\nNon voglio guardare al passato, io non c\u2019ero,ma conosco e sono\u00a0 in grado di studiare attentamente tutti gli atti predisposti in modo da proporre \u00a0soluzioni alternative e condividere tutto quello che pu\u00f2 portare profitto, progresso e decoro alla mia citt\u00e0.<\/p>\n<p style=\"text-align: right;\"><strong><em>Giuseppina Tuozzi, Capogruppo &#8220;CALENO&#8221;<\/em><\/strong><\/p>\n","protected":false},"excerpt":{"rendered":"<p>&nbsp; 19 Agosto 2016 &#8211; CARINOLA.\u00a0Ritengo doveroso chiarire la mia posizione in merito \u00a0alla lettera aperta indirizzata al<\/p>\n","protected":false},"author":2,"featured_media":11058,"comment_status":"closed","ping_status":"closed","sticky":false,"template":"","format":"standard","meta":{"sfsi_plus_gutenberg_text_before_share":"","sfsi_plus_gutenberg_show_text_before_share":"","sfsi_plus_gutenberg_icon_type":"","sfsi_plus_gutenberg_icon_alignemt":"","sfsi_plus_gutenburg_max_per_row":"","footnotes":""},"categories":[2973,9],"tags":[82,4700,3698],"class_list":["post-11749","post","type-post","status-publish","format-standard","has-post-thumbnail","hentry","category-carinola","category-politica","tag-carinola","tag-giusy-tuozzi-carinola","tag-politica-carinola"],"_links":{"self":[{"href":"https:\/\/www.thereportzone.it\/index.php?rest_route=\/wp\/v2\/posts\/11749"}],"collection":[{"href":"https:\/\/www.thereportzone.it\/index.php?rest_route=\/wp\/v2\/posts"}],"about":[{"href":"https:\/\/www.thereportzone.it\/index.php?rest_route=\/wp\/v2\/types\/post"}],"author":[{"embeddable":true,"href":"https:\/\/www.thereportzone.it\/index.php?rest_route=\/wp\/v2\/users\/2"}],"replies":[{"embeddable":true,"href":"https:\/\/www.thereportzone.it\/index.php?rest_route=%2Fwp%2Fv2%2Fcomments&post=11749"}],"version-history":[{"count":0,"href":"https:\/\/www.thereportzone.it\/index.php?rest_route=\/wp\/v2\/posts\/11749\/revisions"}],"wp:featuredmedia":[{"embeddable":true,"href":"https:\/\/www.thereportzone.it\/index.php?rest_route=\/"}],"wp:attachment":[{"href":"https:\/\/www.thereportzone.it\/index.php?rest_route=%2Fwp%2Fv2%2Fmedia&parent=11749"}],"wp:term":[{"taxonomy":"category","embeddable":true,"href":"https:\/\/www.thereportzone.it\/index.php?rest_route=%2Fwp%2Fv2%2Fcategories&post=11749"},{"taxonomy":"post_tag","embeddable":true,"href":"https:\/\/www.thereportzone.it\/index.php?rest_route=%2Fwp%2Fv2%2Ftags&post=11749"}],"curies":[{"name":"wp","href":"https:\/\/api.w.org\/{rel}","templated":true}]}}