{"id":11612,"date":"2016-08-12T11:33:50","date_gmt":"2016-08-12T09:33:50","guid":{"rendered":"http:\/\/www.thereportzone.it\/?p=11612"},"modified":"2016-08-12T11:33:50","modified_gmt":"2016-08-12T09:33:50","slug":"demoncleaner-freedom-festival-grande-attesa-piccola-presentazione-dei-gruppi","status":"publish","type":"post","link":"https:\/\/www.thereportzone.it\/?p=11612","title":{"rendered":"DemonCleaner Freedom Festival, grande attesa: piccola presentazione dei gruppi"},"content":{"rendered":"<p>&nbsp;<br \/>\n<strong>12 Agosto 2016 &#8211; CULTURA ED EVENTI.<\/strong> Come gi\u00e0 annunciato su queste pagine, domani sera ci sar\u00e0 l&#8217;attesissimo evento musicale, a Nocelleto di Carinola,\u00a0in via IV Novembre &#8211; Piazza Crocelle. Stiamo parlando di <strong><em>DemonCleaner Freedom Festival<\/em><\/strong>. Un evento che, nonostante sia alla sua seconda\u00a0edizione, si pone gi\u00e0 al centro della scena, con artisti di un certo spessore ad esibirsi in piazza.<br \/>\n<img fetchpriority=\"high\" decoding=\"async\" class=\"aligncenter wp-image-11510 size-full\" src=\"http:\/\/www.thereportzone.it\/wp-content\/uploads\/2016\/08\/DEMON.jpg\" alt=\"DEMON\" width=\"650\" height=\"282\" \/>Tre i gruppi che si esibiranno: <strong><em>Le Maschere di Clara<\/em><\/strong>, <strong><em>Joseph Martone &amp; The Travelling Souls<\/em><\/strong> e <strong><em>Las Karne Murta. <\/em><\/strong>Difficile spiegare, in un unico articolo, le qualit\u00e0 e le virt\u00f9 artistiche di queste tre band, anche perch\u00e9 l&#8217;evento in s\u00e9, esige d&#8217;essere vissuto, al di l\u00e0 di tutte queste belle parole, che potremmo spendere all&#8217;infinito, per una giusta causa.<br \/>\n<figure id=\"attachment_11615\" aria-describedby=\"caption-attachment-11615\" style=\"width: 300px\" class=\"wp-caption alignright\"><img decoding=\"async\" class=\"wp-image-11615 size-medium\" src=\"http:\/\/www.thereportzone.it\/wp-content\/uploads\/2016\/08\/Le-Maschere-di-Clara-1-300x200.jpg\" alt=\"Le-Maschere-di-Clara\" width=\"300\" height=\"200\" \/><figcaption id=\"caption-attachment-11615\" class=\"wp-caption-text\">Le Maschere di Clara<\/figcaption><\/figure><br \/>\n<strong>LE MASCHERE DI CLARA &#8211;<\/strong> E<span style=\"font-size: 14.0pt;\">spressione artistica di matrice italiana.\u00a0<\/span><span style=\"font-size: 14.0pt;\">Fonda le sue radici nella sperimentazione armonica, traendo ispirazione dal contrappunto classico, filtrando l&#8217;emozionalit\u00e0 della poliritmia progressiva, sviluppando il connubio tra le sonorit\u00e0 aride dello stoner e la poetica italiana, lascia l&#8217;ascoltatore libero di cogliere le sfumature presenti e non all&#8217;interno del tessuto melodico.<\/span><\/p>\n<p class=\"Standard\"><span style=\"font-size: 14.0pt;\">Tutto nasce dal desiderio di elaborare una sorta di &#8220;sfogo&#8221; artistico, frutto di studi classici e di una viscerale passione per il rock, cercando di legare due correnti culturali cos\u00ec lontane e allo stesso tempo idealisticamente vicine.\u00a0<\/span><span style=\"font-size: 14.0pt;\">La massima libert\u00e0 armonica spinge inevitabilmente oltre la forma canzone, inducendo il violino ad esplorare sonorit\u00e0 astratte che eludono lo stereotipo tipicamente rock del basso\/batteria\/chitarra, senza per questo perdere attitudine e impatto.<\/span><\/p>\n<p class=\"Standard\"><span style=\"font-size: 14.0pt;\">Lorenzo Masotto, Laura Masotto e Bruce Turri compiono i loro studi classici rispettivamente al pianoforte, al violino e alla batteria, suonano nelle pi\u00f9 svariate formazioni cameristiche e per molteplici progetti che spaziano dal pop, al rock, al jazz fino alla sperimentazione elettronica.\u00a0<\/span><span style=\"font-size: 14.0pt;\">Non amano le etichette, di nessun genere.<\/span><\/p>\n<figure id=\"attachment_11613\" aria-describedby=\"caption-attachment-11613\" style=\"width: 300px\" class=\"wp-caption alignright\"><img decoding=\"async\" class=\"wp-image-11613 size-medium\" src=\"http:\/\/www.thereportzone.it\/wp-content\/uploads\/2016\/08\/DSC_7073_def-300x185.jpg\" alt=\"Las Karne Murta\" width=\"300\" height=\"185\" \/><figcaption id=\"caption-attachment-11613\" class=\"wp-caption-text\">Las Karne Murta<\/figcaption><\/figure>\n<p class=\"Standard\"><strong>LAS KARNE MURTA &#8211;<\/strong>\u00a0Fin dal 1999 diversi degli attuali componenti della Karne Murta condividono esperienze, progetti musicali, spettacoli di strada e band improvvisate in occasione di feste e dance hall. Ma \u00e8 solo dal 2006, con l&#8217;uscita del primo album ufficiale \u201dOil\u00e0 Masnada\u201d, che il gruppo si stabilizza intorno a sette elementi e si comincia a delineare lo stile della band, una patchanka tra The Clash e Manonegra che, nel tempo, ha ammiccato sempre di pi\u00f9 allo swing e al rock\u2019n\u2019roll.<\/p>\n<p class=\"Standard\">La Karne Murta vanta un\u2019intensa attivit\u00e0 live che li ha portati a suonare su importanti palchi nazionali ed europei. E&#8217;durante questi lunghi periodi passati on the road che prendono forma le canzoni che compongono il secondo album ufficiale, uscito nel 2012: \u201cDirty Swing\u201d. Il titolo \u00e8 la definizione che il gruppo stesso d\u00e0 al proprio stile rinnovato. I riferimenti al jazz, allo swing e al be-bop si fanno pi\u00f9 marcati, senza dimenticare il rock\u2019n\u2019roll delle origini e una sanguigna attitudine punk.<\/p>\n<p class=\"Standard\">L&#8217;album riscuote un discreto successo e buone recensioni e la Karne Murta continua a suonare tra festival, locali e piazze. Lo show lascia il segno e le date sono spesso memorabili per la passione e l&#8217;entusiasmo che il pubblico tributa alla band. Le idee e gli spunti che nascono da queste esperienze sono cos\u00ec tante che il gruppo sente l&#8217;esigenza di concretizzarle.<\/p>\n<p class=\"Standard\">Nella primavera del 2013 i sette si chiudono in studio per registrare un nuovo disco, che uscir\u00e0 a Febbraio 2014, \u201cSwingin&#8217; Taboo\u201d composto da 16 tracce inedite e per la quasi totalit\u00e0 mai suonate dal vivo. La title track \u00e8 anche il primo singolo estratto, del quale \u00e8 stato presentato il videoclip ufficiale.<\/p>\n<p class=\"Standard\">Di recente \u00e8 stato realizzato un secondo videoclip da un altro brano del cd, &#8220;Budmo&#8221;, che allude allegramente ad una maniera di brindare molto comune in Ucraina, paese toccato dalla band con diversi tour. Molto suggestive le riprese effettuate in un classico teatrino d&#8217;altri tempi, a far da cornice ad una simpatica rappresentazione che vede come attori gli stessi componenti del gruppo, tra ritmi e fanfare dal chiaro sapore balcanico.<\/p>\n<p class=\"Standard\">Per quanto riguarda <strong>JOSEPH MARTONE &amp; THE TRAVELLING SOULS<\/strong>, a breve sar\u00e0 pubblicata la recensione a cura di Demoncleanerzine.com e a firma di Giuseppe Nicodemo sulle pagine ufficiali dell&#8217;evento al seguente link:\u00a0<a href=\"https:\/\/www.facebook.com\/events\/1714984842095068\/\">https:\/\/www.facebook.com\/events\/1714984842095068\/<\/a>\u00a0 \u00a0Stay Tuned: DemonCleaner Freedom Festival sta arrivando.<\/p>\n<p class=\"Standard\"><img loading=\"lazy\" decoding=\"async\" class=\"aligncenter wp-image-11512 size-full\" src=\"http:\/\/www.thereportzone.it\/wp-content\/uploads\/2016\/08\/demoncleanerzine-1.jpg\" alt=\"demoncleanerzine\" width=\"691\" height=\"388\" \/><\/p>\n","protected":false},"excerpt":{"rendered":"<p>&nbsp; 12 Agosto 2016 &#8211; CULTURA ED EVENTI. Come gi\u00e0 annunciato su queste pagine, domani sera ci sar\u00e0<\/p>\n","protected":false},"author":2,"featured_media":11512,"comment_status":"closed","ping_status":"closed","sticky":false,"template":"","format":"standard","meta":{"sfsi_plus_gutenberg_text_before_share":"","sfsi_plus_gutenberg_show_text_before_share":"","sfsi_plus_gutenberg_icon_type":"","sfsi_plus_gutenberg_icon_alignemt":"","sfsi_plus_gutenburg_max_per_row":"","footnotes":""},"categories":[2973,10,4,5],"tags":[5006,5007,5008,4811],"class_list":["post-11612","post","type-post","status-publish","format-standard","has-post-thumbnail","hentry","category-carinola","category-cultura","category-falciano","category-mondragone","tag-demoncleaner","tag-demoncleaner-freedom-festival","tag-demoncleanerzine","tag-eventi-carinola"],"_links":{"self":[{"href":"https:\/\/www.thereportzone.it\/index.php?rest_route=\/wp\/v2\/posts\/11612"}],"collection":[{"href":"https:\/\/www.thereportzone.it\/index.php?rest_route=\/wp\/v2\/posts"}],"about":[{"href":"https:\/\/www.thereportzone.it\/index.php?rest_route=\/wp\/v2\/types\/post"}],"author":[{"embeddable":true,"href":"https:\/\/www.thereportzone.it\/index.php?rest_route=\/wp\/v2\/users\/2"}],"replies":[{"embeddable":true,"href":"https:\/\/www.thereportzone.it\/index.php?rest_route=%2Fwp%2Fv2%2Fcomments&post=11612"}],"version-history":[{"count":0,"href":"https:\/\/www.thereportzone.it\/index.php?rest_route=\/wp\/v2\/posts\/11612\/revisions"}],"wp:featuredmedia":[{"embeddable":true,"href":"https:\/\/www.thereportzone.it\/index.php?rest_route=\/"}],"wp:attachment":[{"href":"https:\/\/www.thereportzone.it\/index.php?rest_route=%2Fwp%2Fv2%2Fmedia&parent=11612"}],"wp:term":[{"taxonomy":"category","embeddable":true,"href":"https:\/\/www.thereportzone.it\/index.php?rest_route=%2Fwp%2Fv2%2Fcategories&post=11612"},{"taxonomy":"post_tag","embeddable":true,"href":"https:\/\/www.thereportzone.it\/index.php?rest_route=%2Fwp%2Fv2%2Ftags&post=11612"}],"curies":[{"name":"wp","href":"https:\/\/api.w.org\/{rel}","templated":true}]}}