{"id":11456,"date":"2016-08-04T18:56:05","date_gmt":"2016-08-04T16:56:05","guid":{"rendered":"http:\/\/www.thereportzone.it\/?p=11456"},"modified":"2016-08-04T18:56:05","modified_gmt":"2016-08-04T16:56:05","slug":"festa-dei-guanti-e-dei-prodotti-tipici-presentazione-allept-video-guantare","status":"publish","type":"post","link":"https:\/\/www.thereportzone.it\/?p=11456","title":{"rendered":"Festa dei guanti e dei prodotti tipici, presentazione all&#8217;EPT &#8211; VIDEO GUANTARE"},"content":{"rendered":"<p>&nbsp;<br \/>\n<strong>4 Agosto 2016 &#8211; FALCIANO DEL MASSICO<\/strong>. Quando un&#8217;iniziativa ha successo, perch\u00e9 non riproporla? E\u2019 quanto ha pensato <strong>Giovanni Di Fusco<\/strong>, presidente della Proloco \u201c<strong>Insieme per Falciano\u201d <\/strong>di Falciano del Massico, in provincia di Caserta.<br \/>\nEd \u00e8 cos\u00ec che \u00e8 stata presentata, alla <strong>Reggia di Caserta<\/strong>, all\u2019interno della Sala degli Specchi, sede della Ept, la seconda edizione della<strong><em> \u201cFesta dei guanti e dei prodotti tipici della Gastronomia Falcianese\u201d. <\/em><\/strong>A prendere parte alla gustosa presentazione, alla presenza della commissaria dott.ssa <strong>Lucia Ranucci<\/strong>, il presidente della Proloco<strong> Giovanni Di Fusco<\/strong>, l\u2019assessore allo Sport, turismo e Spettacoli <strong>Pasquale Macaro<\/strong>, il direttore del Museo civico dott. <strong>Ugo Zannini.\u00a0<\/strong><br \/>\nI guanti, conosciuti nel resto del nostro bel Paese con svariati nomi: chiacchiere, frappe, cenci, bugie, fiocchetti etc., sono i protagonisti della manifestazione che si terr\u00e0 a Falciano del Massico, il <strong>20, 21 e 22 agosto prossimi<\/strong>. \u201cBisogna assolutamente distinguere i guanti falcianesi dal resto dei prodotti, simili \u2013 ma non uguali \u2013 che vengono proposti nel resto del nostro Paese \u2013 ha detto il presidente Di Fusco \u2013 poich\u00e8 si differenziano, anche se leggermente ma in modo determinante, negli ingredienti. Nei nostri guanti infatti, vi sono aggiunti, alcuni elementi gelosamente e segretamente custoditi dalla \u201cguantare\u201d, che danno al prodotto quella delicatezza e raffinatezza della sfoglia e la forma del prodotto. I guanti infatti, sono lavorati a forma di delicato rosone. Inoltre, non assorbono olio e sono buonissime\u201d, ha concluso orgoglioso Di Fusco. Non si poteva dunque, per far conoscere questo delizioso prodotto dolciario locale, non organizzare una festa con cui condividere con il resto del paese anche le prelibatezze tipiche del luogo<br \/>\n\u201cPer la mole di lavoro prodotto, per le dimensioni della festa e l\u2019impegno economico sopportato, per le collaborazioni con altre associazioni del Comune, questo evento rappresenta un importante traguardo per la Proloco che mi onoro di rappresentare\u201d, ha aggiunto il presidente. \u201cUn ringraziamento va all\u2019amministrazione comunale che ha patrocinato l\u2019evento, alla commissaria dell\u2019Ept dott.ssa Ranucci, agli sponsor, al direttore del museo Zannini, ai soci della Proloco e, soprattutto, alle \u201cGantare\u201d. Ha concluso Giovanni di Fusco. L\u2019appuntamento dunque \u00e8 per il 20 \u2013 21 &#8211; 22 a Falciano del Massico. Presto conosceremo il programma delle serate che saranno allietate da importanti spettacoli.<br \/>\nhttps:\/\/www.youtube.com\/watch?v=T4lfvDG4qnY<\/p>\n","protected":false},"excerpt":{"rendered":"<p>&nbsp; 4 Agosto 2016 &#8211; FALCIANO DEL MASSICO. Quando un&#8217;iniziativa ha successo, perch\u00e9 non riproporla? E\u2019 quanto ha<\/p>\n","protected":false},"author":2,"featured_media":11457,"comment_status":"closed","ping_status":"closed","sticky":false,"template":"","format":"standard","meta":{"sfsi_plus_gutenberg_text_before_share":"","sfsi_plus_gutenberg_show_text_before_share":"","sfsi_plus_gutenberg_icon_type":"","sfsi_plus_gutenberg_icon_alignemt":"","sfsi_plus_gutenburg_max_per_row":"","footnotes":""},"categories":[10,4],"tags":[],"class_list":["post-11456","post","type-post","status-publish","format-standard","has-post-thumbnail","hentry","category-cultura","category-falciano"],"_links":{"self":[{"href":"https:\/\/www.thereportzone.it\/index.php?rest_route=\/wp\/v2\/posts\/11456"}],"collection":[{"href":"https:\/\/www.thereportzone.it\/index.php?rest_route=\/wp\/v2\/posts"}],"about":[{"href":"https:\/\/www.thereportzone.it\/index.php?rest_route=\/wp\/v2\/types\/post"}],"author":[{"embeddable":true,"href":"https:\/\/www.thereportzone.it\/index.php?rest_route=\/wp\/v2\/users\/2"}],"replies":[{"embeddable":true,"href":"https:\/\/www.thereportzone.it\/index.php?rest_route=%2Fwp%2Fv2%2Fcomments&post=11456"}],"version-history":[{"count":0,"href":"https:\/\/www.thereportzone.it\/index.php?rest_route=\/wp\/v2\/posts\/11456\/revisions"}],"wp:featuredmedia":[{"embeddable":true,"href":"https:\/\/www.thereportzone.it\/index.php?rest_route=\/"}],"wp:attachment":[{"href":"https:\/\/www.thereportzone.it\/index.php?rest_route=%2Fwp%2Fv2%2Fmedia&parent=11456"}],"wp:term":[{"taxonomy":"category","embeddable":true,"href":"https:\/\/www.thereportzone.it\/index.php?rest_route=%2Fwp%2Fv2%2Fcategories&post=11456"},{"taxonomy":"post_tag","embeddable":true,"href":"https:\/\/www.thereportzone.it\/index.php?rest_route=%2Fwp%2Fv2%2Ftags&post=11456"}],"curies":[{"name":"wp","href":"https:\/\/api.w.org\/{rel}","templated":true}]}}