{"id":11411,"date":"2016-08-02T09:34:57","date_gmt":"2016-08-02T07:34:57","guid":{"rendered":"http:\/\/www.thereportzone.it\/?p=11411"},"modified":"2016-08-02T09:34:57","modified_gmt":"2016-08-02T07:34:57","slug":"carinola-migliorare-servizi-con-politiche-sociali-ok-ai-lavori-allauditorium","status":"publish","type":"post","link":"https:\/\/www.thereportzone.it\/?p=11411","title":{"rendered":"CARINOLA &#8211; Migliorare servizi con politiche sociali. Ok ai lavori all&#8217;auditorium"},"content":{"rendered":"<p>&nbsp;<br \/>\n<strong>2 Agosto 2016 &#8211; CARINOLA.<\/strong> Il primo cittadino Antonio Russo \u00e8 alle prese \u00a0con numerose problematiche che si dovranno affrontare nell\u2019immediato. In tal senso il settore che necessita al momento di maggiori attenzioni \u00e8 quello delle politiche sociali. Nel recente passato infatti non sono state poche le lamentele sul fatto che mancasse un contatto diretto con gli utenti per avere informazioni sui pagamenti dei canoni legati ai fitti di locazione o ad altri rimborsi destinate alle fasce di reddito pi\u00f9 deboli.<br \/>\nLa situazione sta tornando lentamente alla normalit\u00e0. Si ricorder\u00e0 che la fase di stallo \u00e8 da imputare in seguito al\u00a0 trasferimento presso gli uffici del Giudice di Pace della funzionaria del settore menzionato dinanzi. Notizie positive sul fronte opere pubbliche.<br \/>\nLavori in dirittura d\u2019arrivo infatti per quanto concerne l\u2019auditorium comunale. L\u2019opera finanziata dalla Regione Campania per una somma di oltre un milione e 500mila euro \u00e8 ubicata in via Platani. Sostanzialmente la struttura era gi\u00e0 esistente ed ha ospitato per tanti anni il carcere mendamentale.<br \/>\nL\u2019amministrazione che si \u00e8 appena insediata non dovr\u00e0 fare altro che procedere all\u2019inaugurazione che probabilmente avverr\u00e0 entro la fine dell\u2019anno. C\u2019\u00e8 quindi grande attesa per questo evento visto che dal punto di vista della visibilit\u00e0, questa struttura potrebbe dare uno slancio notevole al settore turistico e di conseguenza a quello economico locale. (<strong>GI.ESSE<\/strong>)<\/p>\n","protected":false},"excerpt":{"rendered":"<p>&nbsp; 2 Agosto 2016 &#8211; CARINOLA. Il primo cittadino Antonio Russo \u00e8 alle prese \u00a0con numerose problematiche che<\/p>\n","protected":false},"author":2,"featured_media":10350,"comment_status":"closed","ping_status":"closed","sticky":false,"template":"","format":"standard","meta":{"sfsi_plus_gutenberg_text_before_share":"","sfsi_plus_gutenberg_show_text_before_share":"","sfsi_plus_gutenberg_icon_type":"","sfsi_plus_gutenberg_icon_alignemt":"","sfsi_plus_gutenburg_max_per_row":"","footnotes":""},"categories":[2973,9],"tags":[],"class_list":["post-11411","post","type-post","status-publish","format-standard","has-post-thumbnail","hentry","category-carinola","category-politica"],"_links":{"self":[{"href":"https:\/\/www.thereportzone.it\/index.php?rest_route=\/wp\/v2\/posts\/11411"}],"collection":[{"href":"https:\/\/www.thereportzone.it\/index.php?rest_route=\/wp\/v2\/posts"}],"about":[{"href":"https:\/\/www.thereportzone.it\/index.php?rest_route=\/wp\/v2\/types\/post"}],"author":[{"embeddable":true,"href":"https:\/\/www.thereportzone.it\/index.php?rest_route=\/wp\/v2\/users\/2"}],"replies":[{"embeddable":true,"href":"https:\/\/www.thereportzone.it\/index.php?rest_route=%2Fwp%2Fv2%2Fcomments&post=11411"}],"version-history":[{"count":0,"href":"https:\/\/www.thereportzone.it\/index.php?rest_route=\/wp\/v2\/posts\/11411\/revisions"}],"wp:featuredmedia":[{"embeddable":true,"href":"https:\/\/www.thereportzone.it\/index.php?rest_route=\/"}],"wp:attachment":[{"href":"https:\/\/www.thereportzone.it\/index.php?rest_route=%2Fwp%2Fv2%2Fmedia&parent=11411"}],"wp:term":[{"taxonomy":"category","embeddable":true,"href":"https:\/\/www.thereportzone.it\/index.php?rest_route=%2Fwp%2Fv2%2Fcategories&post=11411"},{"taxonomy":"post_tag","embeddable":true,"href":"https:\/\/www.thereportzone.it\/index.php?rest_route=%2Fwp%2Fv2%2Ftags&post=11411"}],"curies":[{"name":"wp","href":"https:\/\/api.w.org\/{rel}","templated":true}]}}