{"id":11324,"date":"2016-07-28T09:10:58","date_gmt":"2016-07-28T07:10:58","guid":{"rendered":"http:\/\/www.thereportzone.it\/?p=11324"},"modified":"2016-07-28T09:10:58","modified_gmt":"2016-07-28T07:10:58","slug":"festa-di-san-pietro-edoardo-bennato-e-molto-altro-il-programma-completo","status":"publish","type":"post","link":"https:\/\/www.thereportzone.it\/?p=11324","title":{"rendered":"Festa di San Pietro, Edoardo Bennato e molto altro: il programma completo"},"content":{"rendered":"<p>&nbsp;<br \/>\n<strong>28 Luglio 2016 &#8211; FALCIANO DEL MASSICO.<\/strong> Ormai ci siamo, la Festa Patronale in onore di Maria S.S. e San Pietro \u00e8 alle porte. Come gi\u00e0 ampiamente annunciato, a chiudere i festeggiamenti, marted\u00ec 2 agosto, ci sar\u00e0 <em><strong>Edoardo Bennato<\/strong><\/em>, evento per il quale si prevede il boom anche grazie alla location. Il concerto, infatti, si svolger\u00e0 nella nuova area lottizzata di via Vellaria, con un palco enorme e con il supporto di Madness Lounge Bar con il bar mobile per la birra e le altre bevande. Ma il concerto di Bennato non \u00e8 il solo evento dell&#8217;intera Festa.<br \/>\nIl tutto, in realt\u00e0, parte stasera alle ore 20.00 in piazza San Pietro, con <em><strong>IL Carrettiello<\/strong><\/em> (u Priatoriu). <span class=\"_4n-j fsl\">Il Carrettiello \u00e8 un&#8217;antica tradizione popolare. Il termine Carrettiello sta ad indicare il carretto con cui si andava in giro un tempo a raccogliere le offerte da portare in piazza, doni che vengono battuti all&#8217;asta. E poi ancora <em><strong>Nello Iorio <\/strong><\/em>con<em> <strong>&#8220;Nonno Moderno&#8221;<\/strong><\/em>, l&#8217; 1 agrosto alle ore 23.00 in Piazza San Pietro.<br \/>\n<\/span><br \/>\n<span class=\"_4n-j fsl\"><img fetchpriority=\"high\" decoding=\"async\" class=\"size-medium wp-image-11325 alignright\" src=\"http:\/\/www.thereportzone.it\/wp-content\/uploads\/2016\/07\/coro-pastorale-300x200.jpg\" alt=\"coro pastorale\" width=\"300\" height=\"200\" \/>Per quanto riguarda, invece, le serate musicali che si susseguiranno a partire da domani, occorre sottolineare il grande concerto organizzato dal Consiglio Pastorale della Parrocchia di San Pietro (ambito spettacolo) con <em><strong>Carla Sorvillo<\/strong><\/em>, <em><strong>Angelo Federici<\/strong><\/em> e <em><strong>Rosangela Musone<\/strong><\/em>. Sono i ragazzi che, nelle festivit\u00e0 natalizie dell&#8217;anno scorso, hanno organizzato il grande concerto per la beneficenza all&#8217;UNICEF. Un onore averli sul palco in occasione della festa patronale in un concerto organizzato gratuitamente.<\/span><br \/>\nPer quanto riguarda tutte le altre serate vi invitiamo a consultare il programma qui sotto dove troverete anche tutti gli orari delle varie processioni e delle varie celebrazioni in onore del Santo. Da parte nostra gi ennesimi complimenti al Comitato Festeggiamenti che quest&#8217;anno \u00e8 riuscito ad organizzare una grande Festa Patronale, mantenendo le tradizioni ma con uno sguardo sempre rivolto al futuro. In bocca al lupo e buona festa a tutti.<br \/>\n<img decoding=\"async\" class=\"aligncenter wp-image-11323 size-full\" src=\"http:\/\/www.thereportzone.it\/wp-content\/uploads\/2016\/07\/13782044_10208564339260289_2988450906794532012_n.jpg\" alt=\"13782044_10208564339260289_2988450906794532012_n\" width=\"686\" height=\"960\" \/><\/p>\n","protected":false},"excerpt":{"rendered":"<p>&nbsp; 28 Luglio 2016 &#8211; FALCIANO DEL MASSICO. Ormai ci siamo, la Festa Patronale in onore di Maria<\/p>\n","protected":false},"author":2,"featured_media":11237,"comment_status":"closed","ping_status":"closed","sticky":false,"template":"","format":"standard","meta":{"sfsi_plus_gutenberg_text_before_share":"","sfsi_plus_gutenberg_show_text_before_share":"","sfsi_plus_gutenberg_icon_type":"","sfsi_plus_gutenberg_icon_alignemt":"","sfsi_plus_gutenburg_max_per_row":"","footnotes":""},"categories":[10,4],"tags":[],"class_list":["post-11324","post","type-post","status-publish","format-standard","has-post-thumbnail","hentry","category-cultura","category-falciano"],"_links":{"self":[{"href":"https:\/\/www.thereportzone.it\/index.php?rest_route=\/wp\/v2\/posts\/11324"}],"collection":[{"href":"https:\/\/www.thereportzone.it\/index.php?rest_route=\/wp\/v2\/posts"}],"about":[{"href":"https:\/\/www.thereportzone.it\/index.php?rest_route=\/wp\/v2\/types\/post"}],"author":[{"embeddable":true,"href":"https:\/\/www.thereportzone.it\/index.php?rest_route=\/wp\/v2\/users\/2"}],"replies":[{"embeddable":true,"href":"https:\/\/www.thereportzone.it\/index.php?rest_route=%2Fwp%2Fv2%2Fcomments&post=11324"}],"version-history":[{"count":0,"href":"https:\/\/www.thereportzone.it\/index.php?rest_route=\/wp\/v2\/posts\/11324\/revisions"}],"wp:featuredmedia":[{"embeddable":true,"href":"https:\/\/www.thereportzone.it\/index.php?rest_route=\/"}],"wp:attachment":[{"href":"https:\/\/www.thereportzone.it\/index.php?rest_route=%2Fwp%2Fv2%2Fmedia&parent=11324"}],"wp:term":[{"taxonomy":"category","embeddable":true,"href":"https:\/\/www.thereportzone.it\/index.php?rest_route=%2Fwp%2Fv2%2Fcategories&post=11324"},{"taxonomy":"post_tag","embeddable":true,"href":"https:\/\/www.thereportzone.it\/index.php?rest_route=%2Fwp%2Fv2%2Ftags&post=11324"}],"curies":[{"name":"wp","href":"https:\/\/api.w.org\/{rel}","templated":true}]}}