{"id":11195,"date":"2016-07-19T10:50:44","date_gmt":"2016-07-19T08:50:44","guid":{"rendered":"http:\/\/www.thereportzone.it\/?p=11195"},"modified":"2016-07-19T10:50:44","modified_gmt":"2016-07-19T08:50:44","slug":"tir-di-unazienda-di-cellole-si-ribalta-a-formia-diversi-feriti-foto","status":"publish","type":"post","link":"https:\/\/www.thereportzone.it\/?p=11195","title":{"rendered":"Tir di un&#8217;azienda di Cellole si ribalta a Formia: diversi feriti &#8211; FOTO"},"content":{"rendered":"<p>&nbsp;<br \/>\n<strong>19 Luglio 2016 &#8211; CRONACA.<\/strong> Una mattinata da dimenticare quella di oggi. All&#8217;ingresso di Formia, sulla variante Formia &#8211; Garigliano, infatti, un tir di enormi dimensioni, proveniente da un&#8217;azienda di Cellole, si \u00e8 ribaltato. Ancora da chiarire le cause ma, come si evince dalle foto in esclusiva, l&#8217;incidente \u00e8 stato molto grande.<br \/>\nDiversi i feriti. Nell&#8217;impatto, infatti, sono rimaste coinvolte anche diverse automobili. Necessario l\u00ecintervento di diverse ambulanze. Sul posto anche la Polizia e, per un ferito grave, \u00e8 arrivata l&#8217;eliambulanza. Quest&#8217;ultimo, originario di Sant&#8217;Antimo, \u00e8 stato trasportato a Roma.<br \/>\nTraffico in tilt e code lunghissime ma adesso la situazione pare stia tornando alla normalit\u00e0.<\/p>\n<p style=\"text-align: center;\"><strong>FOTO ESCLUSIVE: VIETATA LA COPIA O LA RIPRODUZIONE:<\/strong><\/p>\n<p><img fetchpriority=\"high\" decoding=\"async\" class=\"aligncenter wp-image-11197 size-large\" src=\"http:\/\/www.thereportzone.it\/wp-content\/uploads\/2016\/07\/13815122_10210188332648014_1701310916_n-406x400.jpg\" alt=\"13815122_10210188332648014_1701310916_n\" width=\"406\" height=\"400\" \/><br \/>\n<img decoding=\"async\" class=\"aligncenter wp-image-11196 size-large\" src=\"http:\/\/www.thereportzone.it\/wp-content\/uploads\/2016\/07\/13735381_10210188330847969_834675657_n-406x400.jpg\" alt=\"13735381_10210188330847969_834675657_n\" width=\"406\" height=\"400\" \/><br \/>\n&nbsp;<br \/>\n&nbsp;<\/p>\n","protected":false},"excerpt":{"rendered":"<p>&nbsp; 19 Luglio 2016 &#8211; CRONACA. Una mattinata da dimenticare quella di oggi. All&#8217;ingresso di Formia, sulla variante<\/p>\n","protected":false},"author":2,"featured_media":11197,"comment_status":"closed","ping_status":"closed","sticky":false,"template":"","format":"standard","meta":{"sfsi_plus_gutenberg_text_before_share":"","sfsi_plus_gutenberg_show_text_before_share":"","sfsi_plus_gutenberg_icon_type":"","sfsi_plus_gutenberg_icon_alignemt":"","sfsi_plus_gutenburg_max_per_row":"","footnotes":""},"categories":[8,2968],"tags":[],"class_list":["post-11195","post","type-post","status-publish","format-standard","has-post-thumbnail","hentry","category-cronaca","category-sessa-aurunca"],"_links":{"self":[{"href":"https:\/\/www.thereportzone.it\/index.php?rest_route=\/wp\/v2\/posts\/11195"}],"collection":[{"href":"https:\/\/www.thereportzone.it\/index.php?rest_route=\/wp\/v2\/posts"}],"about":[{"href":"https:\/\/www.thereportzone.it\/index.php?rest_route=\/wp\/v2\/types\/post"}],"author":[{"embeddable":true,"href":"https:\/\/www.thereportzone.it\/index.php?rest_route=\/wp\/v2\/users\/2"}],"replies":[{"embeddable":true,"href":"https:\/\/www.thereportzone.it\/index.php?rest_route=%2Fwp%2Fv2%2Fcomments&post=11195"}],"version-history":[{"count":0,"href":"https:\/\/www.thereportzone.it\/index.php?rest_route=\/wp\/v2\/posts\/11195\/revisions"}],"wp:featuredmedia":[{"embeddable":true,"href":"https:\/\/www.thereportzone.it\/index.php?rest_route=\/"}],"wp:attachment":[{"href":"https:\/\/www.thereportzone.it\/index.php?rest_route=%2Fwp%2Fv2%2Fmedia&parent=11195"}],"wp:term":[{"taxonomy":"category","embeddable":true,"href":"https:\/\/www.thereportzone.it\/index.php?rest_route=%2Fwp%2Fv2%2Fcategories&post=11195"},{"taxonomy":"post_tag","embeddable":true,"href":"https:\/\/www.thereportzone.it\/index.php?rest_route=%2Fwp%2Fv2%2Ftags&post=11195"}],"curies":[{"name":"wp","href":"https:\/\/api.w.org\/{rel}","templated":true}]}}