{"id":11148,"date":"2016-07-15T12:45:24","date_gmt":"2016-07-15T10:45:24","guid":{"rendered":"http:\/\/www.thereportzone.it\/?p=11148"},"modified":"2016-07-15T12:45:24","modified_gmt":"2016-07-15T10:45:24","slug":"carinola-consiglio-comunale-di-sera-i-5-stelle-insistono","status":"publish","type":"post","link":"https:\/\/www.thereportzone.it\/?p=11148","title":{"rendered":"CARINOLA &#8211; Consiglio comunale di sera: i 5 Stelle insistono"},"content":{"rendered":"<p>&nbsp;<br \/>\n<strong>15 Luglio 2016 &#8211; CARINOLA<\/strong>. La richiesta da parte del consigliere dei cinque stelle Sisto Di Cresce di convocare il civico consesso nelle ore serali \u00e8 al vaglio da parte della maggioranza. Tra il 25 ed il 27 luglio dovr\u00e0 essere convocato il civico consesso per discutere del riequilibrio di bilancio. Fonti della maggioranza non sarebbero contrari a celebrare l\u2019assise negli orari chiesti dall\u2019opposizione.<br \/>\nSolo che nel caso specifico del prossimo consiglio potrebbe essere necessario andare incontro alle esigenze del revisore dei conti visto che non \u00e8 residente in zona. Sisto Di Cresce ha inoltre evidenziato molte criticit\u00e0 che riguardano anche gli uffici comunali. Ci sar\u00e0 la massima attenzione in tal senso per quanto concerne l\u2019invio delle cartelle di pagamento dei tributi .<br \/>\nSembra che ci siano stati degli errori oggettivi nell\u2019espletamento di tale mansione. Le verifiche sono in corso. Ma come si diceva dinanzi in primo piano c\u2019\u00e8 sempre l\u2019esercizio finanziario. L\u2019assessore al ramo Marrese sta valutando di concerto con i tecnici del settore finanze di apportare le modifiche adatte rispetto a quello che \u00e8 stato presentato dall\u2019ex sindaco Luigi De Risi.<br \/>\nDovranno essere operati interventi per il settore dei servizi sociali. Area che negli ultimi mesi \u00e8 finita sotto organico. La funzionaria deputata a tale mansione infatti \u00e8 stata impegnata presso gli uffici di cancelleria del Giudice di Pace. E proprio in merito alla struttura giudiziaria si sta pensando alla chiusura definitiva degli uffici, visto che non \u00e8 possibile a quanto pare di privare l\u2019ente di impiegati. Gravi difficolt\u00e0 sono state incontrate al riguardo da De Risi ed altrettanto complicata \u00e8 la situazione che il numero uno del governo locale Antonio Russo sta affrontando in questi giorni. (<strong>GI.ESSE<\/strong>)<\/p>\n","protected":false},"excerpt":{"rendered":"<p>&nbsp; 15 Luglio 2016 &#8211; CARINOLA. La richiesta da parte del consigliere dei cinque stelle Sisto Di Cresce<\/p>\n","protected":false},"author":2,"featured_media":9637,"comment_status":"closed","ping_status":"closed","sticky":false,"template":"","format":"standard","meta":{"sfsi_plus_gutenberg_text_before_share":"","sfsi_plus_gutenberg_show_text_before_share":"","sfsi_plus_gutenberg_icon_type":"","sfsi_plus_gutenberg_icon_alignemt":"","sfsi_plus_gutenburg_max_per_row":"","footnotes":""},"categories":[2973,9],"tags":[],"class_list":["post-11148","post","type-post","status-publish","format-standard","has-post-thumbnail","hentry","category-carinola","category-politica"],"_links":{"self":[{"href":"https:\/\/www.thereportzone.it\/index.php?rest_route=\/wp\/v2\/posts\/11148"}],"collection":[{"href":"https:\/\/www.thereportzone.it\/index.php?rest_route=\/wp\/v2\/posts"}],"about":[{"href":"https:\/\/www.thereportzone.it\/index.php?rest_route=\/wp\/v2\/types\/post"}],"author":[{"embeddable":true,"href":"https:\/\/www.thereportzone.it\/index.php?rest_route=\/wp\/v2\/users\/2"}],"replies":[{"embeddable":true,"href":"https:\/\/www.thereportzone.it\/index.php?rest_route=%2Fwp%2Fv2%2Fcomments&post=11148"}],"version-history":[{"count":0,"href":"https:\/\/www.thereportzone.it\/index.php?rest_route=\/wp\/v2\/posts\/11148\/revisions"}],"wp:featuredmedia":[{"embeddable":true,"href":"https:\/\/www.thereportzone.it\/index.php?rest_route=\/"}],"wp:attachment":[{"href":"https:\/\/www.thereportzone.it\/index.php?rest_route=%2Fwp%2Fv2%2Fmedia&parent=11148"}],"wp:term":[{"taxonomy":"category","embeddable":true,"href":"https:\/\/www.thereportzone.it\/index.php?rest_route=%2Fwp%2Fv2%2Fcategories&post=11148"},{"taxonomy":"post_tag","embeddable":true,"href":"https:\/\/www.thereportzone.it\/index.php?rest_route=%2Fwp%2Fv2%2Ftags&post=11148"}],"curies":[{"name":"wp","href":"https:\/\/api.w.org\/{rel}","templated":true}]}}