{"id":11114,"date":"2016-07-13T11:17:51","date_gmt":"2016-07-13T09:17:51","guid":{"rendered":"http:\/\/www.thereportzone.it\/?p=11114"},"modified":"2016-07-13T11:17:51","modified_gmt":"2016-07-13T09:17:51","slug":"tragedia-si-toglie-la-vita-a-22-anni-era-un-ragazzo-padre","status":"publish","type":"post","link":"https:\/\/www.thereportzone.it\/?p=11114","title":{"rendered":"TRAGEDIA &#8211; Si toglie la vita a 22 anni: era un ragazzo padre"},"content":{"rendered":"<p>&nbsp;<br \/>\n<strong>12 Luglio 2016 &#8211; CRONACA<\/strong>. Si \u00e8 tolto la vita a 22 anni, un&#8217;et\u00e0 in cui la vita dovrebbe sorriderti e darti forza e vitalit\u00e0 per andare avanti, per vivere. Gianmarco Boccucci, invece, si \u00e8 suicidato questa mattina nella sua abitazione. E&#8217; successo a Cellole, in via Palermo.<br \/>\nAncora da capire le motivazioni e anche sulle cause della morte c&#8217;\u00e8 da chiarire. S dice che abbia ingerito un grosso quantitativo di farmaci ma, questa potesi, \u00e8 da verificare. Quello che si sa \u00e8 che viveva con i suoi genitori ed aveva una bambina, nata da una relazione con la sua ex fidanzata di Piedimonte del Massico.<br \/>\nSul posto il 118 e la polizia. Straziante la scoperta per i genitori e soprattutto per la madre. Pare sia stata lei a scoprire il corpo senza vita del giovane figlio.<br \/>\n&nbsp;<br \/>\n&nbsp;<\/p>\n","protected":false},"excerpt":{"rendered":"<p>&nbsp; 12 Luglio 2016 &#8211; CRONACA. Si \u00e8 tolto la vita a 22 anni, un&#8217;et\u00e0 in cui la<\/p>\n","protected":false},"author":2,"featured_media":11116,"comment_status":"closed","ping_status":"closed","sticky":false,"template":"","format":"standard","meta":{"sfsi_plus_gutenberg_text_before_share":"","sfsi_plus_gutenberg_show_text_before_share":"","sfsi_plus_gutenberg_icon_type":"","sfsi_plus_gutenberg_icon_alignemt":"","sfsi_plus_gutenburg_max_per_row":"","footnotes":""},"categories":[8,2968],"tags":[],"class_list":["post-11114","post","type-post","status-publish","format-standard","has-post-thumbnail","hentry","category-cronaca","category-sessa-aurunca"],"_links":{"self":[{"href":"https:\/\/www.thereportzone.it\/index.php?rest_route=\/wp\/v2\/posts\/11114"}],"collection":[{"href":"https:\/\/www.thereportzone.it\/index.php?rest_route=\/wp\/v2\/posts"}],"about":[{"href":"https:\/\/www.thereportzone.it\/index.php?rest_route=\/wp\/v2\/types\/post"}],"author":[{"embeddable":true,"href":"https:\/\/www.thereportzone.it\/index.php?rest_route=\/wp\/v2\/users\/2"}],"replies":[{"embeddable":true,"href":"https:\/\/www.thereportzone.it\/index.php?rest_route=%2Fwp%2Fv2%2Fcomments&post=11114"}],"version-history":[{"count":0,"href":"https:\/\/www.thereportzone.it\/index.php?rest_route=\/wp\/v2\/posts\/11114\/revisions"}],"wp:featuredmedia":[{"embeddable":true,"href":"https:\/\/www.thereportzone.it\/index.php?rest_route=\/"}],"wp:attachment":[{"href":"https:\/\/www.thereportzone.it\/index.php?rest_route=%2Fwp%2Fv2%2Fmedia&parent=11114"}],"wp:term":[{"taxonomy":"category","embeddable":true,"href":"https:\/\/www.thereportzone.it\/index.php?rest_route=%2Fwp%2Fv2%2Fcategories&post=11114"},{"taxonomy":"post_tag","embeddable":true,"href":"https:\/\/www.thereportzone.it\/index.php?rest_route=%2Fwp%2Fv2%2Ftags&post=11114"}],"curies":[{"name":"wp","href":"https:\/\/api.w.org\/{rel}","templated":true}]}}