{"id":11072,"date":"2016-07-09T12:53:29","date_gmt":"2016-07-09T10:53:29","guid":{"rendered":"http:\/\/www.thereportzone.it\/?p=11072"},"modified":"2016-07-09T12:53:29","modified_gmt":"2016-07-09T10:53:29","slug":"falciano-dolce-gabbana-a-napoli-manica-viaggi-tra-i-taxi-dei-vip","status":"publish","type":"post","link":"https:\/\/www.thereportzone.it\/?p=11072","title":{"rendered":"FALCIANO &#8211; Dolce &#038; Gabbana a Napoli, Manica Viaggi tra i taxi dei VIP"},"content":{"rendered":"<p>&nbsp;<br \/>\n<strong>9 Luglio 2016 &#8211; FALCIANO DEL MASSICO<\/strong>. L&#8217;evento che si sta svolgendo in questi giorni a Napoli, e che si protrarr\u00e0 fino a luned\u00ec, sta coinvolgendo gli appassionati della moda, dello spettacolo e centinaia di VIP. Stiamo parlando di Dolce &amp; Gabbana,\u00a0 i due stilisti di fama mondiale che, proprio in questi giorni, sono a Napoli per incontrare la citt\u00e0, parlare di moda, tra ospiti di eccezione, invitati speciali e volti del cinema.<br \/>\nL&#8217;evento, in qualche modo, ha coinvolto anche la nostra piccola comunit\u00e0. Il servizio taxi di Manica Viaggi, infatti, in questi giorni \u00e8 impegnato proprio a Napoli, per l&#8217;evento. L&#8217;autista Marco Cella \u00e8 stato chiamato per essere accompagnatore ufficiale di alcuni VIP che dovranno recarsi alle serate di gala.<br \/>\nPer l&#8217;evento, inoltre, sono stati richiesti oltre 150 mini van neri di lusso. Tra questi anche quello, appunto, di Manica Viaggi (come si vede nella foto). L&#8217;evento sta chiamando a se tantissimi partecipanti, molti de quali stanno arrivando nel golfo di Napoli con i loro Yacht.<br \/>\n<figure id=\"attachment_11073\" aria-describedby=\"caption-attachment-11073\" style=\"width: 300px\" class=\"wp-caption aligncenter\"><img fetchpriority=\"high\" decoding=\"async\" class=\"size-medium wp-image-11073\" src=\"http:\/\/www.thereportzone.it\/wp-content\/uploads\/2016\/07\/13617485_1128770583812704_388810064_n-300x300.jpg\" alt=\"Il mini vann di lusso di Manica Viaggi\" width=\"300\" height=\"300\" \/><figcaption id=\"caption-attachment-11073\" class=\"wp-caption-text\">Il mini vann di lusso di Manica Viaggi<\/figcaption><\/figure><\/p>\n","protected":false},"excerpt":{"rendered":"<p>&nbsp; 9 Luglio 2016 &#8211; FALCIANO DEL MASSICO. L&#8217;evento che si sta svolgendo in questi giorni a Napoli,<\/p>\n","protected":false},"author":2,"featured_media":11074,"comment_status":"closed","ping_status":"closed","sticky":false,"template":"","format":"standard","meta":{"sfsi_plus_gutenberg_text_before_share":"","sfsi_plus_gutenberg_show_text_before_share":"","sfsi_plus_gutenberg_icon_type":"","sfsi_plus_gutenberg_icon_alignemt":"","sfsi_plus_gutenburg_max_per_row":"","footnotes":""},"categories":[10,4,7],"tags":[],"class_list":["post-11072","post","type-post","status-publish","format-standard","has-post-thumbnail","hentry","category-cultura","category-falciano","category-napoli"],"_links":{"self":[{"href":"https:\/\/www.thereportzone.it\/index.php?rest_route=\/wp\/v2\/posts\/11072"}],"collection":[{"href":"https:\/\/www.thereportzone.it\/index.php?rest_route=\/wp\/v2\/posts"}],"about":[{"href":"https:\/\/www.thereportzone.it\/index.php?rest_route=\/wp\/v2\/types\/post"}],"author":[{"embeddable":true,"href":"https:\/\/www.thereportzone.it\/index.php?rest_route=\/wp\/v2\/users\/2"}],"replies":[{"embeddable":true,"href":"https:\/\/www.thereportzone.it\/index.php?rest_route=%2Fwp%2Fv2%2Fcomments&post=11072"}],"version-history":[{"count":0,"href":"https:\/\/www.thereportzone.it\/index.php?rest_route=\/wp\/v2\/posts\/11072\/revisions"}],"wp:featuredmedia":[{"embeddable":true,"href":"https:\/\/www.thereportzone.it\/index.php?rest_route=\/"}],"wp:attachment":[{"href":"https:\/\/www.thereportzone.it\/index.php?rest_route=%2Fwp%2Fv2%2Fmedia&parent=11072"}],"wp:term":[{"taxonomy":"category","embeddable":true,"href":"https:\/\/www.thereportzone.it\/index.php?rest_route=%2Fwp%2Fv2%2Fcategories&post=11072"},{"taxonomy":"post_tag","embeddable":true,"href":"https:\/\/www.thereportzone.it\/index.php?rest_route=%2Fwp%2Fv2%2Ftags&post=11072"}],"curies":[{"name":"wp","href":"https:\/\/api.w.org\/{rel}","templated":true}]}}