{"id":10974,"date":"2016-07-07T09:01:44","date_gmt":"2016-07-07T07:01:44","guid":{"rendered":"http:\/\/www.thereportzone.it\/?p=10974"},"modified":"2016-07-07T09:01:44","modified_gmt":"2016-07-07T07:01:44","slug":"vincenzo-dallestro-ucciso-a-dacca-oggi-i-funerali-tra-sgomento-e-dolore","status":"publish","type":"post","link":"https:\/\/www.thereportzone.it\/?p=10974","title":{"rendered":"Vincenzo D&#8217;Allestro ucciso a Dacca: oggi i funerali tra sgomento e dolore"},"content":{"rendered":"<p>&nbsp;<br \/>\n<strong>7 Luglio 2016 &#8211; PIEDIMONTE MATESE.<\/strong> Previsto ieri per le ore 20.30 circa l\u2019arrivo della salma di Vincenzo D\u2019Allestro nel comune di Piedimonte Matese. Dopo gli esami autoptici svolti a Roma, il corpo del caro Vincenzo \u00e8 stato restituito alla famiglia e agli amici, per la celebrazione del rito funebre e l\u2019ultimo saluto da parte della citt\u00e0.<br \/>\nAll\u2019arrivo del feretro, nei pressi del piazzale antistante la stazione ferroviaria, la comunit\u00e0 si riunir\u00e0 per dare vita a un corteo, una fiaccolata che accompagner\u00e0 la salma sino al chiostro di San Domenico, dove sar\u00e0 allestita la camera ardente dando la possibilit\u00e0 parenti, amici e tutti i cittadini di rendere omaggio a Vincenzo.<br \/>\nDomani mattina si terranno i funerali presso la chiesa di Santa Maria Maggiore, alle ore 10.00. Un corteo scorter\u00e0 il feretro fino in chiesa, dove i funerali saranno celebrati dal Vescovo Valentino Di Cerbo assieme a don Andrea De Vico.<br \/>\n\u201cLa citt\u00e0 si unir\u00e0 al dolore della famiglia e dar\u00e0 l\u2019ultimo saluto a Vincenzo, invito pertanto i giornalisti a seguire un comportamento discreto e rispettoso del dolore dei familiari, che hanno espresso la volont\u00e0 di rimanere in silenzio. Ci occuperemo di garantire un servizio d\u2019ordine affinch\u00e9 nelle prossime ore tutto si svolga con garbo. Nella giornata di domani verr\u00e0 proclamato il lutto cittadino, durante le ore necessarie allo svolgimento del rito funebre, in cui ognuno potr\u00e0 esprimere il lutto nel modo che riterr\u00e0 pi\u00f9 opportuno\u201d, queste le parole del sindaco Vincenzo Cappello.<\/p>\n","protected":false},"excerpt":{"rendered":"<p>&nbsp; 7 Luglio 2016 &#8211; PIEDIMONTE MATESE. Previsto ieri per le ore 20.30 circa l\u2019arrivo della salma di<\/p>\n","protected":false},"author":2,"featured_media":10979,"comment_status":"closed","ping_status":"closed","sticky":false,"template":"","format":"standard","meta":{"sfsi_plus_gutenberg_text_before_share":"","sfsi_plus_gutenberg_show_text_before_share":"","sfsi_plus_gutenberg_icon_type":"","sfsi_plus_gutenberg_icon_alignemt":"","sfsi_plus_gutenburg_max_per_row":"","footnotes":""},"categories":[6,8,7],"tags":[],"class_list":["post-10974","post","type-post","status-publish","format-standard","has-post-thumbnail","hentry","category-caserta","category-cronaca","category-napoli"],"_links":{"self":[{"href":"https:\/\/www.thereportzone.it\/index.php?rest_route=\/wp\/v2\/posts\/10974"}],"collection":[{"href":"https:\/\/www.thereportzone.it\/index.php?rest_route=\/wp\/v2\/posts"}],"about":[{"href":"https:\/\/www.thereportzone.it\/index.php?rest_route=\/wp\/v2\/types\/post"}],"author":[{"embeddable":true,"href":"https:\/\/www.thereportzone.it\/index.php?rest_route=\/wp\/v2\/users\/2"}],"replies":[{"embeddable":true,"href":"https:\/\/www.thereportzone.it\/index.php?rest_route=%2Fwp%2Fv2%2Fcomments&post=10974"}],"version-history":[{"count":0,"href":"https:\/\/www.thereportzone.it\/index.php?rest_route=\/wp\/v2\/posts\/10974\/revisions"}],"wp:featuredmedia":[{"embeddable":true,"href":"https:\/\/www.thereportzone.it\/index.php?rest_route=\/"}],"wp:attachment":[{"href":"https:\/\/www.thereportzone.it\/index.php?rest_route=%2Fwp%2Fv2%2Fmedia&parent=10974"}],"wp:term":[{"taxonomy":"category","embeddable":true,"href":"https:\/\/www.thereportzone.it\/index.php?rest_route=%2Fwp%2Fv2%2Fcategories&post=10974"},{"taxonomy":"post_tag","embeddable":true,"href":"https:\/\/www.thereportzone.it\/index.php?rest_route=%2Fwp%2Fv2%2Ftags&post=10974"}],"curies":[{"name":"wp","href":"https:\/\/api.w.org\/{rel}","templated":true}]}}