{"id":10915,"date":"2016-07-05T11:34:44","date_gmt":"2016-07-05T09:34:44","guid":{"rendered":"http:\/\/www.thereportzone.it\/?p=10915"},"modified":"2016-07-05T11:34:44","modified_gmt":"2016-07-05T09:34:44","slug":"nuove-sedi-allex-salesiani-ieri-il-taglio-del-nastro-foto","status":"publish","type":"post","link":"https:\/\/www.thereportzone.it\/?p=10915","title":{"rendered":"Nuove sedi all&#8217;ex Salesiani: ieri il taglio del nastro &#8211; FOTO"},"content":{"rendered":"<p>&nbsp;<br \/>\n<strong>5 Luglio 2016 &#8211; PIEDIMONTE MATESE.<\/strong> Il complesso degli ex Salesiani a Piedimonte Matese ha accolto le nuove sedi di tre soggetti del mondo del sociale cittadino: da ieri pomeriggio, nei locali della struttura di via Don Bosco, sono ospitati il nuovo asilo comunale \u201cLa Volpe\u201d e i due centri dedicati al contrasto alla violenza di genere, \u201cAurora\u201d e \u201cS.t.o.p\u201d.<br \/>\nAlla presenza di un folto gruppo di cittadini, il taglio del nastro ha ufficialmente aperto le porte alle attivit\u00e0 di quelli che diventano a tutti gli effetti, ancora pi\u00f9 di prima, punti di riferimento per la comunit\u00e0 locale ed anche per tutto l\u2019alto casertano, specialmente per ci\u00f2 che riguarda la difesa delle donne dalla violenza domestica; un segno di maturit\u00e0 e responsabilit\u00e0 civica e sociale per la citt\u00e0 di Piedimonte, come hanno pure sottolineato gli ospiti intervenuti alla cerimonia, evento caratterizzato da sobriet\u00e0 \u2013 come ha ricordato il sindaco Vincenzo Cappello \u2013 in segno di rispetto per la perdita del caro Vincenzo D\u2019Allestro per il quale c\u2019\u00e8 stato un minuto di silenzio.<br \/>\nIl complesso degli ex Salesiani si arricchisce cos\u00ec di nuovi servizi, che vanno ad aggiungersi agli altri gi\u00e0 attivati nella stessa struttura. &#8220;Da quando abbiamo acquisito il complesso al patrimonio pubblico abbiamo cercato di valorizzazione e recuperare il ruolo sociale che ha sempre avuto. Dopo il centro per gli anziani e quello per i disabili, oggi diamo il benvenuto allo staff dei centri Aurora e S.t.o.p. e il nido comunale, il primo di questo tipo nella nostra citt\u00e0. Senza contare che sempre qui trover\u00e0 spazio la sede del nucleo di Protezione Civile, che terr\u00e0 anche i corsi di formazione&#8221;.<br \/>\nIl nido La Volpe permetter\u00e0 di ospitare bambini da zero a tre anni, in locali completamente rinnovati e resi sicuri e adeguati alle attivit\u00e0 dedicate ai piccoli. Trovano una nuova collocazione anche i centri antiviolenza, che hanno per obiettivo il contrasto alla violenza sulle donne e soprattutto la prevenzione, gi\u00e0 attivi da tempo, in particolare il centro Aurora che da qualche anno gestisce anche un rifugio per accogliere le donne in difficolt\u00e0. Le nuove sedi permetteranno loro di lavorare anche in sinergia per dare supporto a chi ne faccia richiesta da tutto il territorio.<br \/>\n\u201cLa loro presenza \u00e8 segno di una citt\u00e0 che funziona bene\u201d, ha detto l&#8217;assessore regionale Lucia Fortini (Istruzione, Politiche Sociali, Sport) che si \u00e8 complimentata con il primo cittadini e con la sua Amministrazione per il modo in cui \u00e8 guidata la citt\u00e0, cogliendo l&#8217;occasione per \u201cinvitare tutte le istituzioni scolastiche della zona a partecipare a bando regionale Scuola Amica, e a presentare progettualit\u00e0 per le quali la Regione assegner\u00e0 55mila euro al fine di promuovere la scuola come luogo di sviluppo\u201d.<br \/>\n\u201cPiedimonte \u00e8 cresciuta molto negli ultimi tempi, si \u00e8 allargata alle esigenze di tutta la comunit\u00e0, \u00e8 sempre un piacere essere qui\u201d, ha poi sostenuto l&#8217;assessore regionale Sonia Palmeri (Lavoro, Risorse Umane, Demanio e Patrimonio). \u201cCon la presenza dei due centri antiviolenza la citt\u00e0 si attesta come luogo tranquillo e adatto per l&#8217;accoglienza e l&#8217;aiuto di chi ha bisogno\u201d.<br \/>\n\u201cSono questi luoghi che fanno sentire la citt\u00e0 una comunit\u00e0 vera\u201d, ha evidenziato inoltre l\u2019on. Camilla Sgambato (Commissione Cultura, Scienze e Istruzione). \u201cE\u2019 simbolico il fatto che con essi sia stato aperto anche un asilo nido, legato ai temi del sostegno alle famiglie. Piedimonte si dimostra esempio di buona politica, un faro di tutto l&#8217;Ambito sociale.<br \/>\nDopo la benedizione di don Emilio Meola e il taglio del nastro \u2013 con un momento particolare in cui l\u2019inno nazionale \u00e8 stato cantato dai ragazzi dell\u2019associazione Diversamente Onlus &#8211; tutti i presenti hanno potuto far visita ai locali dell&#8217;asilo e visitare i nuovi uffici di Aurora e S.t.o.p., da oggi in prima linea nell\u2019erogazione di servizi nuovi e vicini al cittadino che rendono la citt\u00e0 di Piedimonte ancora pi\u00f9 ricca.<br \/>\n<img fetchpriority=\"high\" decoding=\"async\" class=\"size-medium wp-image-10917 aligncenter\" src=\"http:\/\/www.thereportzone.it\/wp-content\/uploads\/2016\/07\/foto-2-300x225.jpg\" alt=\"foto 2\" width=\"300\" height=\"225\" \/><br \/>\n<img decoding=\"async\" class=\"size-medium wp-image-10916 aligncenter\" src=\"http:\/\/www.thereportzone.it\/wp-content\/uploads\/2016\/07\/foto-1-300x226.jpg\" alt=\"foto 1\" width=\"300\" height=\"226\" \/><\/p>\n","protected":false},"excerpt":{"rendered":"<p>&nbsp; 5 Luglio 2016 &#8211; PIEDIMONTE MATESE. Il complesso degli ex Salesiani a Piedimonte Matese ha accolto le<\/p>\n","protected":false},"author":2,"featured_media":10916,"comment_status":"closed","ping_status":"closed","sticky":false,"template":"","format":"standard","meta":{"sfsi_plus_gutenberg_text_before_share":"","sfsi_plus_gutenberg_show_text_before_share":"","sfsi_plus_gutenberg_icon_type":"","sfsi_plus_gutenberg_icon_alignemt":"","sfsi_plus_gutenburg_max_per_row":"","footnotes":""},"categories":[6,9],"tags":[],"class_list":["post-10915","post","type-post","status-publish","format-standard","has-post-thumbnail","hentry","category-caserta","category-politica"],"_links":{"self":[{"href":"https:\/\/www.thereportzone.it\/index.php?rest_route=\/wp\/v2\/posts\/10915"}],"collection":[{"href":"https:\/\/www.thereportzone.it\/index.php?rest_route=\/wp\/v2\/posts"}],"about":[{"href":"https:\/\/www.thereportzone.it\/index.php?rest_route=\/wp\/v2\/types\/post"}],"author":[{"embeddable":true,"href":"https:\/\/www.thereportzone.it\/index.php?rest_route=\/wp\/v2\/users\/2"}],"replies":[{"embeddable":true,"href":"https:\/\/www.thereportzone.it\/index.php?rest_route=%2Fwp%2Fv2%2Fcomments&post=10915"}],"version-history":[{"count":0,"href":"https:\/\/www.thereportzone.it\/index.php?rest_route=\/wp\/v2\/posts\/10915\/revisions"}],"wp:featuredmedia":[{"embeddable":true,"href":"https:\/\/www.thereportzone.it\/index.php?rest_route=\/"}],"wp:attachment":[{"href":"https:\/\/www.thereportzone.it\/index.php?rest_route=%2Fwp%2Fv2%2Fmedia&parent=10915"}],"wp:term":[{"taxonomy":"category","embeddable":true,"href":"https:\/\/www.thereportzone.it\/index.php?rest_route=%2Fwp%2Fv2%2Fcategories&post=10915"},{"taxonomy":"post_tag","embeddable":true,"href":"https:\/\/www.thereportzone.it\/index.php?rest_route=%2Fwp%2Fv2%2Ftags&post=10915"}],"curies":[{"name":"wp","href":"https:\/\/api.w.org\/{rel}","templated":true}]}}