{"id":10514,"date":"2016-06-14T08:33:32","date_gmt":"2016-06-14T08:33:32","guid":{"rendered":"http:\/\/www.thereportzone.it\/?p=10514"},"modified":"2016-06-14T08:33:32","modified_gmt":"2016-06-14T08:33:32","slug":"carinola-bilancio-previsione-slitta-fine-giugno-giorni-saranno-svelati-gli-assessori","status":"publish","type":"post","link":"https:\/\/www.thereportzone.it\/?p=10514","title":{"rendered":"CARINOLA &#8211; Bilancio di previsione slitta a fine giugno. A giorni saranno svelati gli assessori"},"content":{"rendered":"<p>&nbsp;<br \/>\n<strong>13 Giugno 2016 &#8211; CARINOLA.<\/strong> Slitter\u00e0 a tra fine giugno ed inizio luglio l\u2019approvazione in consiglio del bilancio di previsione. Tutta la documentazione come da prassi dovr\u00e0 essere messa a disposizione dei consiglieri di minoranza. Lo svolgimento delle elezioni comunali ha comportato uno slittamento ulteriore per dare il via libera all\u2019esercizio finanziario il cui contenuto ormai dovrebbe essere palese.<br \/>\nInfatti da come \u00e8 stato detto a pi\u00f9 riprese ci sar\u00e0 da affrontare innanzitutto il debito da 16milioni di euro. Il sindaco Antonio Russo ha ribadito che far\u00e0 il possibile per trovare soluzioni adeguate senza inferire sui cittadini puntualizzando di essere estraneo a questo stato di cose. \u201cNon ho mai dato il mio assenso alle spese pazze\u201d \u2013 ha rivadito.<br \/>\nLa maggior parte dei sedici milioni di euro accumulati sinora riguarda ingiunzioni di pagamento\u00a0 da parte di numerosi professionisti. Per quanto concerne invece la delineazione della nuova giunta la prossima settimana potrebbe celebrarsi il civico consesso per annunciare chi ne far\u00e0 parte.<br \/>\nMa tutto sembra ormai abbastanza chiaro visto che dopo aver definito la carica di presidente del parlamentino locale a favore della dottoressa Antonella Migliozzi, il campo in quota \u201crosa\u201d si restringe alla giovane Pina Capriglione, all\u2019avvocato Rosa Di Maio e alla dottoressa Elisa Mazzucchi. Quest\u2019ultima unica superstite tra i consiglieri della frazione di Casanova.<br \/>\nGli altri due posti dovrebbero andare a Franco Giacca che proviene dal gruppo ex An e Antimo Marrese. Quest\u2019ultimo potrebbe assumere le deleghe che riguardano i cimiteri come fatto sino a pochi mesi fa. Si vedr\u00e0 se il piano urbanistico sar\u00e0 seguito direttamente dal sindaco visto che per due anni \u00e8 stato assessore al ramo. <strong>(GI. ESSE)<\/strong><\/p>\n","protected":false},"excerpt":{"rendered":"<p>&nbsp; 13 Giugno 2016 &#8211; CARINOLA. Slitter\u00e0 a tra fine giugno ed inizio luglio l\u2019approvazione in consiglio del<\/p>\n","protected":false},"author":2,"featured_media":2940,"comment_status":"closed","ping_status":"closed","sticky":false,"template":"","format":"standard","meta":{"sfsi_plus_gutenberg_text_before_share":"","sfsi_plus_gutenberg_show_text_before_share":"","sfsi_plus_gutenberg_icon_type":"","sfsi_plus_gutenberg_icon_alignemt":"","sfsi_plus_gutenburg_max_per_row":"","footnotes":""},"categories":[2973,3151,9],"tags":[],"class_list":["post-10514","post","type-post","status-publish","format-standard","has-post-thumbnail","hentry","category-carinola","category-elezioni-comunali-a-carinola","category-politica"],"_links":{"self":[{"href":"https:\/\/www.thereportzone.it\/index.php?rest_route=\/wp\/v2\/posts\/10514"}],"collection":[{"href":"https:\/\/www.thereportzone.it\/index.php?rest_route=\/wp\/v2\/posts"}],"about":[{"href":"https:\/\/www.thereportzone.it\/index.php?rest_route=\/wp\/v2\/types\/post"}],"author":[{"embeddable":true,"href":"https:\/\/www.thereportzone.it\/index.php?rest_route=\/wp\/v2\/users\/2"}],"replies":[{"embeddable":true,"href":"https:\/\/www.thereportzone.it\/index.php?rest_route=%2Fwp%2Fv2%2Fcomments&post=10514"}],"version-history":[{"count":0,"href":"https:\/\/www.thereportzone.it\/index.php?rest_route=\/wp\/v2\/posts\/10514\/revisions"}],"wp:featuredmedia":[{"embeddable":true,"href":"https:\/\/www.thereportzone.it\/index.php?rest_route=\/"}],"wp:attachment":[{"href":"https:\/\/www.thereportzone.it\/index.php?rest_route=%2Fwp%2Fv2%2Fmedia&parent=10514"}],"wp:term":[{"taxonomy":"category","embeddable":true,"href":"https:\/\/www.thereportzone.it\/index.php?rest_route=%2Fwp%2Fv2%2Fcategories&post=10514"},{"taxonomy":"post_tag","embeddable":true,"href":"https:\/\/www.thereportzone.it\/index.php?rest_route=%2Fwp%2Fv2%2Ftags&post=10514"}],"curies":[{"name":"wp","href":"https:\/\/api.w.org\/{rel}","templated":true}]}}