{"id":1046,"date":"2015-08-27T11:10:18","date_gmt":"2015-08-27T09:10:18","guid":{"rendered":"https:\/\/thereportzone.wordpress.com\/?p=1046"},"modified":"2015-08-27T11:10:18","modified_gmt":"2015-08-27T09:10:18","slug":"emergenza-migranti-stasera-il-consiglio-straordinario-il-video-messaggio-del-sindaco-ed-il-comunicato-dellopposizione","status":"publish","type":"post","link":"https:\/\/www.thereportzone.it\/?p=1046","title":{"rendered":"Emergenza migranti, stasera il consiglio straordinario: il video messaggio del sindaco ed il comunicato dell&#8217;opposizione"},"content":{"rendered":"<p><iframe title=\"Emergenza migranti a Falciano del Massico: messaggio del Sindaco Santoro ai cittadini\" width=\"640\" height=\"360\" src=\"https:\/\/www.youtube.com\/embed\/hoO3i-4book?feature=oembed\" frameborder=\"0\" allow=\"accelerometer; autoplay; clipboard-write; encrypted-media; gyroscope; picture-in-picture; web-share\" referrerpolicy=\"strict-origin-when-cross-origin\" allowfullscreen><\/iframe><br \/>\n<strong>27 Agosto 2015 &#8211; Falciano del Massico.\u00a0<\/strong>Emergenza migranti, stasera il consiglio comunale straordinario. Alla vigilia dell\u2019incontro che si terr\u00e0 stasera alle ore 21.00 presso la sala consiliare, nel piccolo paesino si continua a discutere sull\u2019 arrivo dei migranti. Quello che appare chiaro \u00e8 che questa vicenda non pu\u00f2, in alcun modo, assumere colori politici. La natura dei dibattiti che si sono susseguiti sui social network, e fuori, riguarda, essenzialmente, due punti fondamentali: l\u2019ordine pubblico (sul quale il sindaco Santoro ha gi\u00e0 giurato di lavorare e vigilare in maniera straordinaria), e una forte critica alla legge governativa attuale, che bypassa l\u2019operato di sindaco ed amministratori\u00a0nei comuni che ricevono queste persone richiedenti asilo politico. Chiaro il video messaggio del primo cittadino Giosu\u00e8\u00a0Santoro che ha voluto parlare in prima persona ai cittadini mettendo alla luce i punti di un programma che dovr\u00e0, nei mesi a venire, essere adottato per evitare ogni disagio. Anche l\u2019opposizione consiliare guidata da Igor Prata e Corrado Freddino ha voluto rivolgersi ai cittadini con un comunicato stampa. In attesa dell\u2019incontro serale di oggi vi lasciamo in compagnia del video messaggio del sindaco Santoro e del comunicato del gruppo si minoranza consiliare.<\/p>\n<p style=\"text-align:center;\"><strong>-COMUNICATO STAMPA DELL&#8217;OPPOSIZIONE-\u00a0<\/strong><\/p>\n<p>&#8220;La notizia di questi giorni riguardo l\u2019accoglienza immigrati nel nostro Paese sta generando tanta preoccupazione nella popolazione. Sarebbe grave credere che il popolo di Falciano \u00e8 mosso da sentimenti razzisti e di odio. Solidariet\u00e0, unione e sostegno sono le parole che da sempre hanno contraddistinto la nostra comunit\u00e0. Solo dando un rapido sguardo alla popolazione iscritta all\u2019Aire si nota come sono ad oggi 437 i cittadini falcianesi che vivono stabilmente all\u2019estero e che fa quindi della nostra popolazione un popolo di emigrati. D\u2019altra parte storicamente il popolo italiano \u00e8 un popolo di emigrazione e che da poco pi\u00f9 di vent\u2019anni sta conoscendo anche il fenomeno dell\u2019immigrazione o pi\u00f9 genericamente della migrazione. Crediamo sia logico in un mondo globalizzato e in una situazione di richieste di aiuto diffusa su scala mondiale dare accoglienza e solidarizzare con cittadini del\u00a0 mondo in difficolt\u00e0. Il punto che invece ci interessa \u00e8 capire come ci\u00f2 avvenga e come si possa promuovere integrazione a Falciano, dove siamo ancora in fase embrionale rispetto alla multiculturalit\u00e0. Se \u00e8 vero che da anni ormai risiedono stabilmente in Paese famiglie di cittadini immigrati, comunque una simile accoglienza di massa non ha precedenti in Paese. Bisogner\u00e0 chiedere alla Prefettura un cambio di programma e di interventi cercando di favorire un\u2019accoglienza diffusa e non centralizzata, facendo modo di non circoscrivere a poche e grandi cooperative l\u2019accessibilit\u00e0 ai bandi preposti evitando ad esempio bandi con requisiti di fidejussioni bancarie di centinaia di migliaia di euro che spesso, come dimostrano le inchieste romane su Mafia Capitale, diventano oggetto di speculazione imprenditoriale di discussa matrice. Non vogliamo certamente che un\u2019emergenza umanitaria come questa venga utilizzata da privati solo per un business economico. Bisogna inoltre promuovere un incontro con la cooperativa che si occuper\u00e0 di seguire il progetto per capire con quali mezzi e programmazione vuole essere presente a Falciano, con quali figure professionali e se conoscenti del territorio&#8221;.<\/p>\n","protected":false},"excerpt":{"rendered":"<p>27 Agosto 2015 &#8211; Falciano del Massico.\u00a0Emergenza migranti, stasera il consiglio comunale straordinario. Alla vigilia dell\u2019incontro che si<\/p>\n","protected":false},"author":2,"featured_media":153,"comment_status":"open","ping_status":"open","sticky":false,"template":"","format":"standard","meta":{"sfsi_plus_gutenberg_text_before_share":"","sfsi_plus_gutenberg_show_text_before_share":"","sfsi_plus_gutenberg_icon_type":"","sfsi_plus_gutenberg_icon_alignemt":"","sfsi_plus_gutenburg_max_per_row":"","footnotes":""},"categories":[37,9],"tags":[63,15,32,38,51,64,3845,3890,54,447,131,23,876,3891,3854,96,209,333,100,3892,3893],"class_list":["post-1046","post","type-post","status-publish","format-standard","has-post-thumbnail","hentry","category-notizie-locali","category-politica","tag-63","tag-15","tag-acqua","tag-agosto","tag-allarme","tag-ambulanza","tag-assise","tag-consiglio-straordinario","tag-crisi","tag-emergenza","tag-falcianodelmassico","tag-giornalismo","tag-immigrati","tag-mogranti","tag-opposizione","tag-polemica","tag-reporter","tag-sbarchi","tag-sindaco","tag-videomessaggio","tag-youtube"],"_links":{"self":[{"href":"https:\/\/www.thereportzone.it\/index.php?rest_route=\/wp\/v2\/posts\/1046"}],"collection":[{"href":"https:\/\/www.thereportzone.it\/index.php?rest_route=\/wp\/v2\/posts"}],"about":[{"href":"https:\/\/www.thereportzone.it\/index.php?rest_route=\/wp\/v2\/types\/post"}],"author":[{"embeddable":true,"href":"https:\/\/www.thereportzone.it\/index.php?rest_route=\/wp\/v2\/users\/2"}],"replies":[{"embeddable":true,"href":"https:\/\/www.thereportzone.it\/index.php?rest_route=%2Fwp%2Fv2%2Fcomments&post=1046"}],"version-history":[{"count":0,"href":"https:\/\/www.thereportzone.it\/index.php?rest_route=\/wp\/v2\/posts\/1046\/revisions"}],"wp:featuredmedia":[{"embeddable":true,"href":"https:\/\/www.thereportzone.it\/index.php?rest_route=\/"}],"wp:attachment":[{"href":"https:\/\/www.thereportzone.it\/index.php?rest_route=%2Fwp%2Fv2%2Fmedia&parent=1046"}],"wp:term":[{"taxonomy":"category","embeddable":true,"href":"https:\/\/www.thereportzone.it\/index.php?rest_route=%2Fwp%2Fv2%2Fcategories&post=1046"},{"taxonomy":"post_tag","embeddable":true,"href":"https:\/\/www.thereportzone.it\/index.php?rest_route=%2Fwp%2Fv2%2Ftags&post=1046"}],"curies":[{"name":"wp","href":"https:\/\/api.w.org\/{rel}","templated":true}]}}