{"id":10372,"date":"2016-06-06T11:36:49","date_gmt":"2016-06-06T11:36:49","guid":{"rendered":"http:\/\/www.thereportzone.it\/?p=10372"},"modified":"2016-06-06T11:36:49","modified_gmt":"2016-06-06T11:36:49","slug":"addio-riccardo-comunita-shock-la-morte-del-17-enne","status":"publish","type":"post","link":"https:\/\/www.thereportzone.it\/?p=10372","title":{"rendered":"ADDIO RICCARDO &#8211; Comunit\u00e0 sotto shock per la morte del 17 enne"},"content":{"rendered":"<p><strong>6 Giugno 2016 &#8211; CRONACA.<\/strong> Addio Riccardo Di Donato. E\u2019 questo il nome del giovane di 17 anni che stamattina ha perso la vita a Sessa Aurunca in un tragico incidente. Il giovane stava andando a scuola con il suo motorino quando, per cause ancora da accertare, pare un\u2019auto gli avrebbe\u00a0tagliato la strada. Nel tentativo di frenare, lui ed il suo amico, sarebbero\u00a0finiti a terra.<br \/>\nA quel punto un furgoncino che sopraggiungeva non avrebbe\u00a0avuto il tempo di frenare, travolgendo il giovane. E\u2019 questa la dinamica che si darebbe per certa ma, lo ripetiamo, ci sono ancora indagini in corso per far maggiore chiarezza e per delineare la dinamica esatta dell&#8217;incidente.<br \/>\nIl popolo di facebook si \u00e8 unito al dolore. Tantissimi i messaggi sulla bacheca di Riccardo, da parte di amici, coetanei e di persone pi\u00f9 adulte. L\u2019intera comunit\u00e0 di Casanova di Carinola \u00e8 sotto shock e, anche a Sessa Aurunca, luogo in cui \u00e8 avvenuto l\u2019incidente, c\u2019\u00e8 tanta incredulit\u00e0. Un ragazzo amato da tutti. Studiava al Liceo Scientifico Ettore Majorana di Sessa Aurunca. La sua morte lascia un vuoto incolmabile. Tristezza ed amarezza per un destino crudele. Ci uniamo al dolore della famiglia di Riccardo ed al dolore di tutti i suoi amici. <strong>LEGGI QUI<\/strong>:\u00a0<a href=\"http:\/\/www.thereportzone.it\/comuni\/carinola\/tragedia-sessa-aurunca-studente-travolto-un-veicolo-sul-ponte\/\">http:\/\/www.thereportzone.it\/comuni\/carinola\/tragedia-sessa-aurunca-studente-travolto-un-veicolo-sul-ponte\/<\/a><\/p>\n","protected":false},"excerpt":{"rendered":"<p>6 Giugno 2016 &#8211; CRONACA. Addio Riccardo Di Donato. E\u2019 questo il nome del giovane di 17 anni<\/p>\n","protected":false},"author":2,"featured_media":10373,"comment_status":"closed","ping_status":"closed","sticky":false,"template":"","format":"standard","meta":{"sfsi_plus_gutenberg_text_before_share":"","sfsi_plus_gutenberg_show_text_before_share":"","sfsi_plus_gutenberg_icon_type":"","sfsi_plus_gutenberg_icon_alignemt":"","sfsi_plus_gutenburg_max_per_row":"","footnotes":""},"categories":[2973,8,4],"tags":[3152,3153],"class_list":["post-10372","post","type-post","status-publish","format-standard","has-post-thumbnail","hentry","category-carinola","category-cronaca","category-falciano","tag-riccardo-di-donato","tag-riccardo-di-donato-casanova"],"_links":{"self":[{"href":"https:\/\/www.thereportzone.it\/index.php?rest_route=\/wp\/v2\/posts\/10372"}],"collection":[{"href":"https:\/\/www.thereportzone.it\/index.php?rest_route=\/wp\/v2\/posts"}],"about":[{"href":"https:\/\/www.thereportzone.it\/index.php?rest_route=\/wp\/v2\/types\/post"}],"author":[{"embeddable":true,"href":"https:\/\/www.thereportzone.it\/index.php?rest_route=\/wp\/v2\/users\/2"}],"replies":[{"embeddable":true,"href":"https:\/\/www.thereportzone.it\/index.php?rest_route=%2Fwp%2Fv2%2Fcomments&post=10372"}],"version-history":[{"count":0,"href":"https:\/\/www.thereportzone.it\/index.php?rest_route=\/wp\/v2\/posts\/10372\/revisions"}],"wp:featuredmedia":[{"embeddable":true,"href":"https:\/\/www.thereportzone.it\/index.php?rest_route=\/"}],"wp:attachment":[{"href":"https:\/\/www.thereportzone.it\/index.php?rest_route=%2Fwp%2Fv2%2Fmedia&parent=10372"}],"wp:term":[{"taxonomy":"category","embeddable":true,"href":"https:\/\/www.thereportzone.it\/index.php?rest_route=%2Fwp%2Fv2%2Fcategories&post=10372"},{"taxonomy":"post_tag","embeddable":true,"href":"https:\/\/www.thereportzone.it\/index.php?rest_route=%2Fwp%2Fv2%2Ftags&post=10372"}],"curies":[{"name":"wp","href":"https:\/\/api.w.org\/{rel}","templated":true}]}}