{"id":10263,"date":"2016-05-31T09:30:01","date_gmt":"2016-05-31T09:30:01","guid":{"rendered":"http:\/\/www.thereportzone.it\/?p=10263"},"modified":"2016-05-31T09:30:01","modified_gmt":"2016-05-31T09:30:01","slug":"carinola-al-voto-biasio-dice-si-al-confronto-lo-annuncia-gennaro-mannillo-tpt","status":"publish","type":"post","link":"https:\/\/www.thereportzone.it\/?p=10263","title":{"rendered":"CARINOLA AL VOTO &#8211; Di Biasio dice &#8220;si&#8221; al confronto: lo annuncia Gennaro Mannillo su TPT"},"content":{"rendered":"<p><strong>31 Maggio 2016 &#8211; CARINOLA.<\/strong> <em>\u00a0<\/em>Franco Di Biasio ha detto s\u00ec. La sospirata adesione al confronto pubblico con il candidato della lista &#8220;Siamo Carinola&#8221;, dopo giorni di esasperante esitazione c&#8217;\u00e8 stata.<br \/>\nA darne l&#8217;annuncio \u00e8 stato Gennaro Mannillo, sostenitore della lista Di Biasio a Casanova. Mannillo ha infatti fatto sapere, attraverso un commento di risposta al dibattito che ha innescato su Tribuna Politica Territoriale con la candidata di parte avversa, Elisa Mazzucchi, che non vi alcun problema per il faccia a faccia tra i due candidati delle coalizioni con maggiori probabilit\u00e0 di successo.\u00a0<em>&#8220;Per il confronto siamo disponibili, <\/em>&#8211; si legge nel commento &#8211;<em> indica luogo, data e moderatore&#8221;<\/em><br \/>\nLuogo e data, che per ragioni legate alla tempistica elettorale immaginiamo essere a vista, restano tuttavia ancora da concordare. Speriamo che non ci siano ripensamenti o smentite. Per adesso l&#8217;unico ad aver invocato a pi\u00f9 riprese il duello pubblico \u00e8 stato Antonio Russo a cui Franco Di Biasio non aveva dato cenni di disponibilit\u00e0 alla sfida. Staremo a vedere.<br \/>\n&nbsp;<\/p>\n","protected":false},"excerpt":{"rendered":"<p>31 Maggio 2016 &#8211; CARINOLA. \u00a0Franco Di Biasio ha detto s\u00ec. La sospirata adesione al confronto pubblico con<\/p>\n","protected":false},"author":2,"featured_media":9825,"comment_status":"closed","ping_status":"closed","sticky":false,"template":"","format":"standard","meta":{"sfsi_plus_gutenberg_text_before_share":"","sfsi_plus_gutenberg_show_text_before_share":"","sfsi_plus_gutenberg_icon_type":"","sfsi_plus_gutenberg_icon_alignemt":"","sfsi_plus_gutenburg_max_per_row":"","footnotes":""},"categories":[2973,3151,9],"tags":[],"class_list":["post-10263","post","type-post","status-publish","format-standard","has-post-thumbnail","hentry","category-carinola","category-elezioni-comunali-a-carinola","category-politica"],"_links":{"self":[{"href":"https:\/\/www.thereportzone.it\/index.php?rest_route=\/wp\/v2\/posts\/10263"}],"collection":[{"href":"https:\/\/www.thereportzone.it\/index.php?rest_route=\/wp\/v2\/posts"}],"about":[{"href":"https:\/\/www.thereportzone.it\/index.php?rest_route=\/wp\/v2\/types\/post"}],"author":[{"embeddable":true,"href":"https:\/\/www.thereportzone.it\/index.php?rest_route=\/wp\/v2\/users\/2"}],"replies":[{"embeddable":true,"href":"https:\/\/www.thereportzone.it\/index.php?rest_route=%2Fwp%2Fv2%2Fcomments&post=10263"}],"version-history":[{"count":0,"href":"https:\/\/www.thereportzone.it\/index.php?rest_route=\/wp\/v2\/posts\/10263\/revisions"}],"wp:featuredmedia":[{"embeddable":true,"href":"https:\/\/www.thereportzone.it\/index.php?rest_route=\/"}],"wp:attachment":[{"href":"https:\/\/www.thereportzone.it\/index.php?rest_route=%2Fwp%2Fv2%2Fmedia&parent=10263"}],"wp:term":[{"taxonomy":"category","embeddable":true,"href":"https:\/\/www.thereportzone.it\/index.php?rest_route=%2Fwp%2Fv2%2Fcategories&post=10263"},{"taxonomy":"post_tag","embeddable":true,"href":"https:\/\/www.thereportzone.it\/index.php?rest_route=%2Fwp%2Fv2%2Ftags&post=10263"}],"curies":[{"name":"wp","href":"https:\/\/api.w.org\/{rel}","templated":true}]}}