{"id":10228,"date":"2016-05-30T08:55:46","date_gmt":"2016-05-30T08:55:46","guid":{"rendered":"http:\/\/www.thereportzone.it\/?p=10228"},"modified":"2016-05-30T08:55:46","modified_gmt":"2016-05-30T08:55:46","slug":"carinola-al-voto-carinola-rinasce-metteteci-alla-prova-non-vi-deluderemo","status":"publish","type":"post","link":"https:\/\/www.thereportzone.it\/?p=10228","title":{"rendered":"CARINOLA AL VOTO &#8211; Carinola Rinasce: &#8220;Metteteci alla prova, non vi deluderemo&#8221;"},"content":{"rendered":"<ul id=\"webMessengerRecentMessages\" class=\"uiList _2ne _4kg\">\n<li id=\"wm:mid.1464597763743:4f70966959bafb2979\" class=\"webMessengerMessageGroup clearfix\">\n<div class=\"clearfix\">\n<div class=\"clearfix _42ef\">\n<div class=\"_37\">\n<div class=\"_53\">\n<div class=\"_3hi clearfix\">\n<div class=\"_38 direction_ltr\">\nL\u2019amministrazione espressione di Carinola Rinasce ci sar\u00e0 sempre, per attrarre risorse dalla regione dal governo centrale ed europeo grazie anche alla estesa filiera istituzionale che la supporta.<br \/>\nCreeremo cos\u00ec lavoro prima di tutto, con nuovi orizzonti per imprese agricole pi\u00f9 competitive ma anche con l\u2019organizzazione della filiera turistica rurale e di quella archeologico-naturalistica.<br \/>\nAbbiamo grandi potenzialit\u00e0 e per questo crediamo fortemente che Carinola possa rinascere. Non \u00e8 ancora troppo tardi. Con chi pensa il contrario, con chi \u00e8 rimasto prigioniero del passato (anche fallimentare) perch\u00e9 da troppi anni sulla scena, abbiamo ben poco da confrontarci.<br \/>\nIo voglio essere il sindaco della Rinascita possibile, delle nuove sfide che il presente e il futuro ci riservano. Per questo sul nostro programma chiediamo il consenso a tutti: a quelli che ci hanno sempre votato e a quelli che quest\u2019anno ci votano per la prima volta. METTETECI ALLA PROVA: NON VI DELUDEREMO.\n<\/div>\n<\/div>\n<\/div>\n<\/div>\n<\/div>\n<\/div>\n<\/li>\n<\/ul>\n","protected":false},"excerpt":{"rendered":"<p>L\u2019amministrazione espressione di Carinola Rinasce ci sar\u00e0 sempre, per attrarre risorse dalla regione dal governo centrale ed europeo<\/p>\n","protected":false},"author":2,"featured_media":9639,"comment_status":"closed","ping_status":"closed","sticky":false,"template":"","format":"standard","meta":{"sfsi_plus_gutenberg_text_before_share":"","sfsi_plus_gutenberg_show_text_before_share":"","sfsi_plus_gutenberg_icon_type":"","sfsi_plus_gutenberg_icon_alignemt":"","sfsi_plus_gutenburg_max_per_row":"","footnotes":""},"categories":[2973,3151,9],"tags":[],"class_list":["post-10228","post","type-post","status-publish","format-standard","has-post-thumbnail","hentry","category-carinola","category-elezioni-comunali-a-carinola","category-politica"],"_links":{"self":[{"href":"https:\/\/www.thereportzone.it\/index.php?rest_route=\/wp\/v2\/posts\/10228"}],"collection":[{"href":"https:\/\/www.thereportzone.it\/index.php?rest_route=\/wp\/v2\/posts"}],"about":[{"href":"https:\/\/www.thereportzone.it\/index.php?rest_route=\/wp\/v2\/types\/post"}],"author":[{"embeddable":true,"href":"https:\/\/www.thereportzone.it\/index.php?rest_route=\/wp\/v2\/users\/2"}],"replies":[{"embeddable":true,"href":"https:\/\/www.thereportzone.it\/index.php?rest_route=%2Fwp%2Fv2%2Fcomments&post=10228"}],"version-history":[{"count":0,"href":"https:\/\/www.thereportzone.it\/index.php?rest_route=\/wp\/v2\/posts\/10228\/revisions"}],"wp:featuredmedia":[{"embeddable":true,"href":"https:\/\/www.thereportzone.it\/index.php?rest_route=\/"}],"wp:attachment":[{"href":"https:\/\/www.thereportzone.it\/index.php?rest_route=%2Fwp%2Fv2%2Fmedia&parent=10228"}],"wp:term":[{"taxonomy":"category","embeddable":true,"href":"https:\/\/www.thereportzone.it\/index.php?rest_route=%2Fwp%2Fv2%2Fcategories&post=10228"},{"taxonomy":"post_tag","embeddable":true,"href":"https:\/\/www.thereportzone.it\/index.php?rest_route=%2Fwp%2Fv2%2Ftags&post=10228"}],"curies":[{"name":"wp","href":"https:\/\/api.w.org\/{rel}","templated":true}]}}